{"id":3690,"count":16,"description":"","link":"https:\/\/folkmedia.neptanc.ro\/ro\/mediatar\/tancdialektus\/maros-kukullo-menti\/","name":"Maros-K\u00fck\u00fcll\u0151 menti","slug":"maros-kukullo-menti","taxonomy":"tancdialektus","meta":[],"acf":[],"_links":{"self":[{"href":"https:\/\/folkmedia.neptanc.ro\/ro\/wp-json\/wp\/v2\/tancdialektus\/3690","targetHints":{"allow":["GET"]}}],"collection":[{"href":"https:\/\/folkmedia.neptanc.ro\/ro\/wp-json\/wp\/v2\/tancdialektus"}],"about":[{"href":"https:\/\/folkmedia.neptanc.ro\/ro\/wp-json\/wp\/v2\/taxonomies\/tancdialektus"}],"wp:post_type":[{"href":"https:\/\/folkmedia.neptanc.ro\/ro\/wp-json\/wp\/v2\/posts?tancdialektus=3690"}],"curies":[{"name":"wp","href":"https:\/\/api.w.org\/{rel}","templated":true}]}}