{"id":3684,"count":65,"description":"","link":"https:\/\/folkmedia.neptanc.ro\/ro\/mediatar\/regio\/kukullo-mente\/","name":"K\u00fck\u00fcll\u0151 mente","slug":"kukullo-mente","taxonomy":"regio","meta":[],"acf":[],"_links":{"self":[{"href":"https:\/\/folkmedia.neptanc.ro\/ro\/wp-json\/wp\/v2\/regio\/3684","targetHints":{"allow":["GET"]}}],"collection":[{"href":"https:\/\/folkmedia.neptanc.ro\/ro\/wp-json\/wp\/v2\/regio"}],"about":[{"href":"https:\/\/folkmedia.neptanc.ro\/ro\/wp-json\/wp\/v2\/taxonomies\/regio"}],"wp:post_type":[{"href":"https:\/\/folkmedia.neptanc.ro\/ro\/wp-json\/wp\/v2\/posts?regio=3684"}],"curies":[{"name":"wp","href":"https:\/\/api.w.org\/{rel}","templated":true}]}}