{"id":4100,"date":"2023-12-21T15:00:05","date_gmt":"2023-12-21T14:00:05","guid":{"rendered":"https:\/\/folkmedia.neptanc.ro\/mediatar\/kukullo-menti-tancok-012119\/"},"modified":"2023-12-21T15:40:07","modified_gmt":"2023-12-21T14:40:07","slug":"kukullo-menti-tancok-012119","status":"publish","type":"post","link":"https:\/\/folkmedia.neptanc.ro\/ro\/mediatar\/kukullo-menti-tancok-012119\/","title":{"rendered":"K\u00fck\u00fcll\u0151 menti t\u00e1ncok [01:21:19]"},"content":{"rendered":"<p>\u00cenregistrarea a fost f\u0103cut\u0103 la  Festivalul de Dans \u0219i Muzic\u0103 Popular\u0103, ed. 13. Muzic\u0103 asigurat\u0103 de taraful de copii din Ceua\u0219, danseaz\u0103 interpre\u021bii din Zona T\u00e2rnavei.<\/p>","protected":false},"excerpt":{"rendered":"","protected":false},"author":1,"featured_media":1980,"comment_status":"open","ping_status":"open","sticky":false,"template":"","format":"standard","meta":{"_acf_changed":false,"footnotes":""},"categories":[2],"tags":[],"eloadok":[3507,3496,3490,3489,3511,3268,3503,3508,3505,3492,3491,3504,3212,3517,3495,3497,3040,3512,3516,3513,3621,3509,3510,3498,3236,3267,2918,3506,3620,3500,3499,3515,3618,3502,3514,3472,3501,3493,3494,3206,3205],"regio":[],"tancdialektus":[],"tanctipus":[],"zenetipus":[],"class_list":["post-4100","post","type-post","status-publish","format-standard","has-post-thumbnail","hentry","category-mozgokep","eloadok-baladi-gheorghe","eloadok-biro-iren","eloadok-biro-katalin","eloadok-biro-zoltan","eloadok-covaci-melisa","eloadok-csanyi-sandor-sanyika","eloadok-fazakas-ibolya","eloadok-florian-remus","eloadok-fogarasi-flori","eloadok-fogarasi-iren","eloadok-fogarasi-istvan","eloadok-fogarasi-jozsef","eloadok-haromszek-tancegyuttes","eloadok-horvath-levente-mutis","eloadok-jakab-jozsef","eloadok-keresztes-anna","eloadok-kovacs-lorinc-erzsebet","eloadok-lucaci-amelia","eloadok-lucaci-francisc","eloadok-lucaci-ioan","eloadok-lucaci-ioan-2","eloadok-lucaci-ludovic","eloadok-lucaci-monalisa","eloadok-marko-rebekka","eloadok-mezei-adrian-alin","eloadok-mezei-calin","eloadok-mezei-tincuta","eloadok-nagy-ibolya","eloadok-nagy-ibolya-2","eloadok-orban-anna","eloadok-orban-laszlo","eloadok-sabo-marcel","eloadok-szabo-marta-2","eloadok-tamas-erika","eloadok-toma-adalbert","eloadok-torok-erzsebet","eloadok-torok-laszlo","eloadok-veress-andras","eloadok-veress-katalin","eloadok-vincze-tasnadi-julianna","eloadok-vincze-arpad"],"acf":[],"_links":{"self":[{"href":"https:\/\/folkmedia.neptanc.ro\/ro\/wp-json\/wp\/v2\/posts\/4100","targetHints":{"allow":["GET"]}}],"collection":[{"href":"https:\/\/folkmedia.neptanc.ro\/ro\/wp-json\/wp\/v2\/posts"}],"about":[{"href":"https:\/\/folkmedia.neptanc.ro\/ro\/wp-json\/wp\/v2\/types\/post"}],"author":[{"embeddable":true,"href":"https:\/\/folkmedia.neptanc.ro\/ro\/wp-json\/wp\/v2\/users\/1"}],"replies":[{"embeddable":true,"href":"https:\/\/folkmedia.neptanc.ro\/ro\/wp-json\/wp\/v2\/comments?post=4100"}],"version-history":[{"count":2,"href":"https:\/\/folkmedia.neptanc.ro\/ro\/wp-json\/wp\/v2\/posts\/4100\/revisions"}],"predecessor-version":[{"id":4273,"href":"https:\/\/folkmedia.neptanc.ro\/ro\/wp-json\/wp\/v2\/posts\/4100\/revisions\/4273"}],"wp:featuredmedia":[{"embeddable":true,"href":"https:\/\/folkmedia.neptanc.ro\/ro\/wp-json\/wp\/v2\/media\/1980"}],"wp:attachment":[{"href":"https:\/\/folkmedia.neptanc.ro\/ro\/wp-json\/wp\/v2\/media?parent=4100"}],"wp:term":[{"taxonomy":"category","embeddable":true,"href":"https:\/\/folkmedia.neptanc.ro\/ro\/wp-json\/wp\/v2\/categories?post=4100"},{"taxonomy":"post_tag","embeddable":true,"href":"https:\/\/folkmedia.neptanc.ro\/ro\/wp-json\/wp\/v2\/tags?post=4100"},{"taxonomy":"eloadok","embeddable":true,"href":"https:\/\/folkmedia.neptanc.ro\/ro\/wp-json\/wp\/v2\/eloadok?post=4100"},{"taxonomy":"regio","embeddable":true,"href":"https:\/\/folkmedia.neptanc.ro\/ro\/wp-json\/wp\/v2\/regio?post=4100"},{"taxonomy":"tancdialektus","embeddable":true,"href":"https:\/\/folkmedia.neptanc.ro\/ro\/wp-json\/wp\/v2\/tancdialektus?post=4100"},{"taxonomy":"tanctipus","embeddable":true,"href":"https:\/\/folkmedia.neptanc.ro\/ro\/wp-json\/wp\/v2\/tanctipus?post=4100"},{"taxonomy":"zenetipus","embeddable":true,"href":"https:\/\/folkmedia.neptanc.ro\/ro\/wp-json\/wp\/v2\/zenetipus?post=4100"}],"curies":[{"name":"wp","href":"https:\/\/api.w.org\/{rel}","templated":true}]}}