{"id":4090,"date":"2023-12-21T14:59:28","date_gmt":"2023-12-21T13:59:28","guid":{"rendered":"https:\/\/folkmedia.neptanc.ro\/mediatar\/nyaradselyei-tancok-003549\/"},"modified":"2023-12-21T15:42:53","modified_gmt":"2023-12-21T14:42:53","slug":"nyaradselyei-tancok-003549","status":"publish","type":"post","link":"https:\/\/folkmedia.neptanc.ro\/ro\/mediatar\/nyaradselyei-tancok-003549\/","title":{"rendered":"ny\u00e1r\u00e1dselyei t\u00e1ncok [00:35:49]"},"content":{"rendered":"<p>\u00cenregistrarea a fost f\u0103cut\u0103 la  Festivalul de Dans \u0219i Muzic\u0103 Popular\u0103, ed. 11.<\/p>","protected":false},"excerpt":{"rendered":"","protected":false},"author":1,"featured_media":2094,"comment_status":"open","ping_status":"open","sticky":false,"template":"","format":"standard","meta":{"_acf_changed":false,"footnotes":""},"categories":[2],"tags":[],"eloadok":[3110,3111,3112,3113,3115,3118,3073,3109,3117,3114,3116,3121],"regio":[3715],"tancdialektus":[],"tanctipus":[],"zenetipus":[],"class_list":["post-4090","post","type-post","status-publish","format-standard","has-post-thumbnail","hentry","category-mozgokep","eloadok-demeter-beni","eloadok-forrai-jozsef","eloadok-fulop-laszlo","eloadok-gyorgyfi-iren","eloadok-gyorgyisor-anna","eloadok-hegyi-irma","eloadok-ivacson-laszlo","eloadok-kalanyos-janos","eloadok-petres-margit","eloadok-siklodi-tamas","eloadok-szavuly-sandor","eloadok-szopos-jusztina","regio-felso-maros-mente"],"acf":[],"_links":{"self":[{"href":"https:\/\/folkmedia.neptanc.ro\/ro\/wp-json\/wp\/v2\/posts\/4090","targetHints":{"allow":["GET"]}}],"collection":[{"href":"https:\/\/folkmedia.neptanc.ro\/ro\/wp-json\/wp\/v2\/posts"}],"about":[{"href":"https:\/\/folkmedia.neptanc.ro\/ro\/wp-json\/wp\/v2\/types\/post"}],"author":[{"embeddable":true,"href":"https:\/\/folkmedia.neptanc.ro\/ro\/wp-json\/wp\/v2\/users\/1"}],"replies":[{"embeddable":true,"href":"https:\/\/folkmedia.neptanc.ro\/ro\/wp-json\/wp\/v2\/comments?post=4090"}],"version-history":[{"count":2,"href":"https:\/\/folkmedia.neptanc.ro\/ro\/wp-json\/wp\/v2\/posts\/4090\/revisions"}],"predecessor-version":[{"id":4283,"href":"https:\/\/folkmedia.neptanc.ro\/ro\/wp-json\/wp\/v2\/posts\/4090\/revisions\/4283"}],"wp:featuredmedia":[{"embeddable":true,"href":"https:\/\/folkmedia.neptanc.ro\/ro\/wp-json\/wp\/v2\/media\/2094"}],"wp:attachment":[{"href":"https:\/\/folkmedia.neptanc.ro\/ro\/wp-json\/wp\/v2\/media?parent=4090"}],"wp:term":[{"taxonomy":"category","embeddable":true,"href":"https:\/\/folkmedia.neptanc.ro\/ro\/wp-json\/wp\/v2\/categories?post=4090"},{"taxonomy":"post_tag","embeddable":true,"href":"https:\/\/folkmedia.neptanc.ro\/ro\/wp-json\/wp\/v2\/tags?post=4090"},{"taxonomy":"eloadok","embeddable":true,"href":"https:\/\/folkmedia.neptanc.ro\/ro\/wp-json\/wp\/v2\/eloadok?post=4090"},{"taxonomy":"regio","embeddable":true,"href":"https:\/\/folkmedia.neptanc.ro\/ro\/wp-json\/wp\/v2\/regio?post=4090"},{"taxonomy":"tancdialektus","embeddable":true,"href":"https:\/\/folkmedia.neptanc.ro\/ro\/wp-json\/wp\/v2\/tancdialektus?post=4090"},{"taxonomy":"tanctipus","embeddable":true,"href":"https:\/\/folkmedia.neptanc.ro\/ro\/wp-json\/wp\/v2\/tanctipus?post=4090"},{"taxonomy":"zenetipus","embeddable":true,"href":"https:\/\/folkmedia.neptanc.ro\/ro\/wp-json\/wp\/v2\/zenetipus?post=4090"}],"curies":[{"name":"wp","href":"https:\/\/api.w.org\/{rel}","templated":true}]}}