{"id":4080,"date":"2023-12-21T14:59:28","date_gmt":"2023-12-21T13:59:28","guid":{"rendered":"https:\/\/folkmedia.neptanc.ro\/mediatar\/szucsagi-tancok-001156\/"},"modified":"2023-12-21T14:59:28","modified_gmt":"2023-12-21T13:59:28","slug":"szucsagi-tancok-001156","status":"publish","type":"post","link":"https:\/\/folkmedia.neptanc.ro\/ro\/mediatar\/szucsagi-tancok-001156\/","title":{"rendered":"szucs\u00e1gi t\u00e1ncok [00:11:56]"},"content":{"rendered":"<p>\u00cenregistrarea a fost f\u0103cut\u0103 la  Festivalul de Dans \u0219i Muzic\u0103 Popular\u0103, ed. 7.<\/p>","protected":false},"excerpt":{"rendered":"","protected":false},"author":1,"featured_media":2033,"comment_status":"open","ping_status":"open","sticky":false,"template":"","format":"standard","meta":{"_acf_changed":false,"footnotes":""},"categories":[2],"tags":[],"eloadok":[3392,3391,3073,3017,3461,3072,2882,2985,3393,3394,3395,3396],"regio":[3656],"tancdialektus":[],"tanctipus":[],"zenetipus":[],"class_list":["post-4080","post","type-post","status-publish","format-standard","has-post-thumbnail","hentry","category-mozgokep","eloadok-botha-ida","eloadok-botha-jozsef","eloadok-ivacson-laszlo","eloadok-major-levente","eloadok-mezei-ferenc","eloadok-orza-calin","eloadok-szasz-jozsef","eloadok-szasz-lorinc","eloadok-szep-attila-domokos","eloadok-szep-katalin","eloadok-ujvari-anna","eloadok-ujvari-samu","regio-kalotaszeg"],"acf":[],"_links":{"self":[{"href":"https:\/\/folkmedia.neptanc.ro\/ro\/wp-json\/wp\/v2\/posts\/4080","targetHints":{"allow":["GET"]}}],"collection":[{"href":"https:\/\/folkmedia.neptanc.ro\/ro\/wp-json\/wp\/v2\/posts"}],"about":[{"href":"https:\/\/folkmedia.neptanc.ro\/ro\/wp-json\/wp\/v2\/types\/post"}],"author":[{"embeddable":true,"href":"https:\/\/folkmedia.neptanc.ro\/ro\/wp-json\/wp\/v2\/users\/1"}],"replies":[{"embeddable":true,"href":"https:\/\/folkmedia.neptanc.ro\/ro\/wp-json\/wp\/v2\/comments?post=4080"}],"version-history":[{"count":0,"href":"https:\/\/folkmedia.neptanc.ro\/ro\/wp-json\/wp\/v2\/posts\/4080\/revisions"}],"wp:featuredmedia":[{"embeddable":true,"href":"https:\/\/folkmedia.neptanc.ro\/ro\/wp-json\/wp\/v2\/media\/2033"}],"wp:attachment":[{"href":"https:\/\/folkmedia.neptanc.ro\/ro\/wp-json\/wp\/v2\/media?parent=4080"}],"wp:term":[{"taxonomy":"category","embeddable":true,"href":"https:\/\/folkmedia.neptanc.ro\/ro\/wp-json\/wp\/v2\/categories?post=4080"},{"taxonomy":"post_tag","embeddable":true,"href":"https:\/\/folkmedia.neptanc.ro\/ro\/wp-json\/wp\/v2\/tags?post=4080"},{"taxonomy":"eloadok","embeddable":true,"href":"https:\/\/folkmedia.neptanc.ro\/ro\/wp-json\/wp\/v2\/eloadok?post=4080"},{"taxonomy":"regio","embeddable":true,"href":"https:\/\/folkmedia.neptanc.ro\/ro\/wp-json\/wp\/v2\/regio?post=4080"},{"taxonomy":"tancdialektus","embeddable":true,"href":"https:\/\/folkmedia.neptanc.ro\/ro\/wp-json\/wp\/v2\/tancdialektus?post=4080"},{"taxonomy":"tanctipus","embeddable":true,"href":"https:\/\/folkmedia.neptanc.ro\/ro\/wp-json\/wp\/v2\/tanctipus?post=4080"},{"taxonomy":"zenetipus","embeddable":true,"href":"https:\/\/folkmedia.neptanc.ro\/ro\/wp-json\/wp\/v2\/zenetipus?post=4080"}],"curies":[{"name":"wp","href":"https:\/\/api.w.org\/{rel}","templated":true}]}}