{"id":4059,"date":"2023-12-21T14:58:47","date_gmt":"2023-12-21T13:58:47","guid":{"rendered":"https:\/\/folkmedia.neptanc.ro\/mediatar\/x-nepzene-es-neptanc-talalkozo-galamusora-012042\/"},"modified":"2023-12-21T17:09:03","modified_gmt":"2023-12-21T16:09:03","slug":"x-nepzene-es-neptanc-talalkozo-galamusora-012042","status":"publish","type":"post","link":"https:\/\/folkmedia.neptanc.ro\/ro\/mediatar\/x-nepzene-es-neptanc-talalkozo-galamusora-012042\/","title":{"rendered":"X. N\u00e9pzene \u00e9s N\u00e9pt\u00e1nc Tal\u00e1lkoz\u00f3 G\u00e1lam\u0171sora [01:20:42]"},"content":{"rendered":"<p>PARTEA 2:<br \/>\n1. dansuri din Zona Ciucul de Sus &#8211; Liceul de Arte Plugor S\u00e1ndor (Sf. Gheorghe)<br \/>\n2. Kall\u00f3s Zolt\u00e1n, etnograf<br \/>\n3. \u201eV\u00e1lt\u00e1sok\u201d- K\u00f6ncei \u00c1rp\u00e1d \u0219i Plugor Judit<br \/>\n4. dans de fete din Zona S\u0103laj &#8211; Ansamblul de Dansuri Trei Scaune<br \/>\n5. zsibai lass\u00fa \u00e9s friss din Jibou<br \/>\n6. interpre\u021bii din P\u0103uloaia: dansuri din Zona S\u00f3vid\u00e9k<br \/>\n7. \u201eritka magyar\u201d- dansuri din C\u00e2mpia Transilvaniei de Ansamblul de Dansuri Trei Scaune (coregraf: Orza C\u0103lin)<br \/>\n8. dansatorii din Ches\u0103u \u0219i taraful din B\u0103r\u0103i: dansuri din C\u00e2mpia Transilvaniei<br \/>\n9. dans cu interpre\u021bii din Ches\u0103u<\/p>","protected":false},"excerpt":{"rendered":"","protected":false},"author":1,"featured_media":2102,"comment_status":"open","ping_status":"open","sticky":false,"template":"","format":"standard","meta":{"_acf_changed":false,"footnotes":""},"categories":[2],"tags":[],"eloadok":[3438,2910,3059,3058,3057,3055,3054,3073,3615,3075,3062,3061,3060,3072,3063,3439,3076,3056,3078,3077,3053,3052],"regio":[],"tancdialektus":[],"tanctipus":[],"zenetipus":[],"class_list":["post-4059","post","type-post","status-publish","format-standard","has-post-thumbnail","hentry","category-mozgokep","eloadok-balazs-melinda","eloadok-codoba-marton-florin","eloadok-foldvari-horvath-rubinka","eloadok-foldvari-miklos","eloadok-horvath-tobias-aniko-gidura","eloadok-horvath-erzsebet","eloadok-horvath-ferenc","eloadok-ivacson-laszlo","eloadok-lorincz-mihaly-2","eloadok-lorincz-mihaly","eloadok-macingo-liviu","eloadok-macingo-nati-kicsi-naci","eloadok-macsingo-gyorgy-gyurkuca","eloadok-orza-calin","eloadok-radac-mihai-remus","eloadok-roman-covaci-mircea","eloadok-szitas-todor-margit","eloadok-tobias-pal-istvan","eloadok-tofalvi-kelemen-magdolna","eloadok-tofalvi-arpad","eloadok-varga-horvath-roza","eloadok-varga-gyorgy"],"acf":[],"_links":{"self":[{"href":"https:\/\/folkmedia.neptanc.ro\/ro\/wp-json\/wp\/v2\/posts\/4059","targetHints":{"allow":["GET"]}}],"collection":[{"href":"https:\/\/folkmedia.neptanc.ro\/ro\/wp-json\/wp\/v2\/posts"}],"about":[{"href":"https:\/\/folkmedia.neptanc.ro\/ro\/wp-json\/wp\/v2\/types\/post"}],"author":[{"embeddable":true,"href":"https:\/\/folkmedia.neptanc.ro\/ro\/wp-json\/wp\/v2\/users\/1"}],"replies":[{"embeddable":true,"href":"https:\/\/folkmedia.neptanc.ro\/ro\/wp-json\/wp\/v2\/comments?post=4059"}],"version-history":[{"count":2,"href":"https:\/\/folkmedia.neptanc.ro\/ro\/wp-json\/wp\/v2\/posts\/4059\/revisions"}],"predecessor-version":[{"id":4319,"href":"https:\/\/folkmedia.neptanc.ro\/ro\/wp-json\/wp\/v2\/posts\/4059\/revisions\/4319"}],"wp:featuredmedia":[{"embeddable":true,"href":"https:\/\/folkmedia.neptanc.ro\/ro\/wp-json\/wp\/v2\/media\/2102"}],"wp:attachment":[{"href":"https:\/\/folkmedia.neptanc.ro\/ro\/wp-json\/wp\/v2\/media?parent=4059"}],"wp:term":[{"taxonomy":"category","embeddable":true,"href":"https:\/\/folkmedia.neptanc.ro\/ro\/wp-json\/wp\/v2\/categories?post=4059"},{"taxonomy":"post_tag","embeddable":true,"href":"https:\/\/folkmedia.neptanc.ro\/ro\/wp-json\/wp\/v2\/tags?post=4059"},{"taxonomy":"eloadok","embeddable":true,"href":"https:\/\/folkmedia.neptanc.ro\/ro\/wp-json\/wp\/v2\/eloadok?post=4059"},{"taxonomy":"regio","embeddable":true,"href":"https:\/\/folkmedia.neptanc.ro\/ro\/wp-json\/wp\/v2\/regio?post=4059"},{"taxonomy":"tancdialektus","embeddable":true,"href":"https:\/\/folkmedia.neptanc.ro\/ro\/wp-json\/wp\/v2\/tancdialektus?post=4059"},{"taxonomy":"tanctipus","embeddable":true,"href":"https:\/\/folkmedia.neptanc.ro\/ro\/wp-json\/wp\/v2\/tanctipus?post=4059"},{"taxonomy":"zenetipus","embeddable":true,"href":"https:\/\/folkmedia.neptanc.ro\/ro\/wp-json\/wp\/v2\/zenetipus?post=4059"}],"curies":[{"name":"wp","href":"https:\/\/api.w.org\/{rel}","templated":true}]}}