{"id":4054,"date":"2023-12-21T14:58:14","date_gmt":"2023-12-21T13:58:14","guid":{"rendered":"https:\/\/folkmedia.neptanc.ro\/mediatar\/vii-nepzene-es-neptanc-talalkozo-galamusora-012832\/"},"modified":"2023-12-21T17:10:46","modified_gmt":"2023-12-21T16:10:46","slug":"vii-nepzene-es-neptanc-talalkozo-galamusora-012832","status":"publish","type":"post","link":"https:\/\/folkmedia.neptanc.ro\/ro\/mediatar\/vii-nepzene-es-neptanc-talalkozo-galamusora-012832\/","title":{"rendered":"VII. N\u00e9pzene \u00e9s N\u00e9pt\u00e1nc Tal\u00e1lkoz\u00f3 G\u00e1lam\u0171sora [01:28:32]"},"content":{"rendered":"<p>1. dansuri din S\u00e2nbenedic, Ansambblul de Dansuri Trei Scaune<br \/>\n2. muzic\u0103 instrumental\u0103 \u0219i balad\u0103 din Zona Moldova<br \/>\n3. dansuri din Zona C\u0103lata<br \/>\n4. \u00een memoria lui Ferenc \u00c1rus<br \/>\n5. muzic\u0103 instrumental\u0103 din Zona C\u0103lata<br \/>\n6. dansuri din Suceagu, interpre\u021bi<br \/>\n7. dansuri din Bon\u021bida, Ansambblul de Dansuri Trei Scaune<br \/>\n8. muzicp instrumental\u0103 din C\u00e2mpia Transilvaniei<br \/>\n9. dansuri din Suatu<br \/>\n10. c\u00e2ntece din Fize\u0219u Gherlii, interpre\u021bi<br \/>\n11. dansuri din Fize\u0219u Gherlii, interpre\u021bi<\/p>","protected":false},"excerpt":{"rendered":"","protected":false},"author":1,"featured_media":2172,"comment_status":"open","ping_status":"open","sticky":false,"template":"","format":"standard","meta":{"_acf_changed":false,"footnotes":""},"categories":[2],"tags":[],"eloadok":[3392,3391,3073,3170,3167,3166,3168,3173,3072,3165,3393,3394,3395,3396],"regio":[],"tancdialektus":[],"tanctipus":[],"zenetipus":[],"class_list":["post-4054","post","type-post","status-publish","format-standard","has-post-thumbnail","hentry","category-mozgokep","eloadok-botha-ida","eloadok-botha-jozsef","eloadok-ivacson-laszlo","eloadok-kerekes-pal-rozalia","eloadok-lapohos-borzasi-margit","eloadok-lapohos-zsigmond","eloadok-laposi-irma","eloadok-laposi-istvan","eloadok-orza-calin","eloadok-reti-istvan","eloadok-szep-attila-domokos","eloadok-szep-katalin","eloadok-ujvari-anna","eloadok-ujvari-samu"],"acf":[],"_links":{"self":[{"href":"https:\/\/folkmedia.neptanc.ro\/ro\/wp-json\/wp\/v2\/posts\/4054","targetHints":{"allow":["GET"]}}],"collection":[{"href":"https:\/\/folkmedia.neptanc.ro\/ro\/wp-json\/wp\/v2\/posts"}],"about":[{"href":"https:\/\/folkmedia.neptanc.ro\/ro\/wp-json\/wp\/v2\/types\/post"}],"author":[{"embeddable":true,"href":"https:\/\/folkmedia.neptanc.ro\/ro\/wp-json\/wp\/v2\/users\/1"}],"replies":[{"embeddable":true,"href":"https:\/\/folkmedia.neptanc.ro\/ro\/wp-json\/wp\/v2\/comments?post=4054"}],"version-history":[{"count":2,"href":"https:\/\/folkmedia.neptanc.ro\/ro\/wp-json\/wp\/v2\/posts\/4054\/revisions"}],"predecessor-version":[{"id":4329,"href":"https:\/\/folkmedia.neptanc.ro\/ro\/wp-json\/wp\/v2\/posts\/4054\/revisions\/4329"}],"wp:featuredmedia":[{"embeddable":true,"href":"https:\/\/folkmedia.neptanc.ro\/ro\/wp-json\/wp\/v2\/media\/2172"}],"wp:attachment":[{"href":"https:\/\/folkmedia.neptanc.ro\/ro\/wp-json\/wp\/v2\/media?parent=4054"}],"wp:term":[{"taxonomy":"category","embeddable":true,"href":"https:\/\/folkmedia.neptanc.ro\/ro\/wp-json\/wp\/v2\/categories?post=4054"},{"taxonomy":"post_tag","embeddable":true,"href":"https:\/\/folkmedia.neptanc.ro\/ro\/wp-json\/wp\/v2\/tags?post=4054"},{"taxonomy":"eloadok","embeddable":true,"href":"https:\/\/folkmedia.neptanc.ro\/ro\/wp-json\/wp\/v2\/eloadok?post=4054"},{"taxonomy":"regio","embeddable":true,"href":"https:\/\/folkmedia.neptanc.ro\/ro\/wp-json\/wp\/v2\/regio?post=4054"},{"taxonomy":"tancdialektus","embeddable":true,"href":"https:\/\/folkmedia.neptanc.ro\/ro\/wp-json\/wp\/v2\/tancdialektus?post=4054"},{"taxonomy":"tanctipus","embeddable":true,"href":"https:\/\/folkmedia.neptanc.ro\/ro\/wp-json\/wp\/v2\/tanctipus?post=4054"},{"taxonomy":"zenetipus","embeddable":true,"href":"https:\/\/folkmedia.neptanc.ro\/ro\/wp-json\/wp\/v2\/zenetipus?post=4054"}],"curies":[{"name":"wp","href":"https:\/\/api.w.org\/{rel}","templated":true}]}}