{"id":4048,"date":"2023-12-21T14:58:14","date_gmt":"2023-12-21T13:58:14","guid":{"rendered":"https:\/\/folkmedia.neptanc.ro\/mediatar\/iii-nepzene-es-neptanc-talalkozo-galamusora-004552\/"},"modified":"2023-12-21T17:13:10","modified_gmt":"2023-12-21T16:13:10","slug":"iii-nepzene-es-neptanc-talalkozo-galamusora-004552","status":"publish","type":"post","link":"https:\/\/folkmedia.neptanc.ro\/ro\/mediatar\/iii-nepzene-es-neptanc-talalkozo-galamusora-004552\/","title":{"rendered":"III. N\u00e9pzene \u00e9s N\u00e9pt\u00e1nc Tal\u00e1lkoz\u00f3 G\u00e1lam\u0171sora [00:45:52]"},"content":{"rendered":"<p>\u2022\t\u201dPontoz\u00f3\u201d: Sipos M\u00e1rton, Sz\u00e9kely Istv\u00e1n, Szab\u00f3 Ferenc<br \/>\n\u2022\t\u201dPontoz\u00f3\u201d: Sipos M\u00e1rton, Sz\u00e9kely Istv\u00e1n, Szab\u00f3 Ferenc<br \/>\n\u2022\tHor\u0103: 5 fete<br \/>\n\u2022\t\u201dSzeg\u00e9nyes\u201d: Sipos M\u00e1rton, Szab\u00f3 Ferenc<br \/>\n\u2022\tCearda\u0219 rar \u0219i des \u2013 3 perechi<br \/>\n\u2022\tCearda\u0219 rar de taraful din Lopadea Nou\u0103<br \/>\n\u2022\tCearda\u0219 rar \u0219i des: 2 perechi<br \/>\n\u2022\tCearda\u0219 rar: Sipos M\u00e1rton \u0219i perechea lui, Szab\u00f3 Ferenc \u0219i perechea lui, Sz\u00e9kely Istv\u00e1n \u0219i perechea lui<br \/>\n\u2022\tCearda\u0219 rar \u0219i des: Sz\u00e9kely Istv\u00e1n \u0219i perechea lui, Sipos M\u00e1rton \u0219i perechea lui<br \/>\n\u2022\tCarda\u0219 rar \u0219i des: Szab\u00f3 Ferenc \u0219i perechea lui, \u201cTan\u00e1r\u201d \u0219i perechea lui<br \/>\n\u2022\tc\u00e2nt\u0103 Sipos M\u00e1rton<br \/>\n\u2022\tmuzic\u0103: rar<br \/>\n\u2022\t\u201cTan\u00e1r\u201d danseaz\u0103 \u201dszeg\u00e9nyes\u201d, n\u0103scut \u00een Lopadea Nou\u0103<br \/>\n\u2022\tSipos M\u00e1rton danseaz\u0103 \u201dpontoz\u00f3\u201d<br \/>\n\u2022\tmuzic\u0103: \u00eenv\u00e2rtita rom\u00e2neasc\u0103<br \/>\n\u2022\tmuzic\u0103: suit\u0103 de dansuri rom\u00e2ne\u0219ti, danseaz\u0103 Nagy J\u00e1nos<br \/>\n\u2022\tmuzic\u0103 asigurat\u0103 de Sipos Ferenc \u0219i taraful<\/p>","protected":false},"excerpt":{"rendered":"","protected":false},"author":1,"featured_media":2132,"comment_status":"open","ping_status":"open","sticky":false,"template":"","format":"standard","meta":{"_acf_changed":false,"footnotes":""},"categories":[2],"tags":[],"eloadok":[2935,2904,2941,2936,2931,2933,2932,2942,2986,2943,2937,2938],"regio":[3684],"tancdialektus":[],"tanctipus":[],"zenetipus":[],"class_list":["post-4048","post","type-post","status-publish","format-standard","has-post-thumbnail","hentry","category-mozgokep","eloadok-gilyen-andrea-maria","eloadok-konczei-arpad","eloadok-sipos-ferenc","eloadok-sipos-gergely-margit","eloadok-sipos-marton","eloadok-szabo-ferenc-nuci","eloadok-szekely-istvan","eloadok-szilagyi-andras","eloadok-szilagyi-hajnal","eloadok-turzai-andras","eloadok-turzai-gyongyi","eloadok-turzai-tunde","regio-kukullo-mente"],"acf":[],"_links":{"self":[{"href":"https:\/\/folkmedia.neptanc.ro\/ro\/wp-json\/wp\/v2\/posts\/4048","targetHints":{"allow":["GET"]}}],"collection":[{"href":"https:\/\/folkmedia.neptanc.ro\/ro\/wp-json\/wp\/v2\/posts"}],"about":[{"href":"https:\/\/folkmedia.neptanc.ro\/ro\/wp-json\/wp\/v2\/types\/post"}],"author":[{"embeddable":true,"href":"https:\/\/folkmedia.neptanc.ro\/ro\/wp-json\/wp\/v2\/users\/1"}],"replies":[{"embeddable":true,"href":"https:\/\/folkmedia.neptanc.ro\/ro\/wp-json\/wp\/v2\/comments?post=4048"}],"version-history":[{"count":2,"href":"https:\/\/folkmedia.neptanc.ro\/ro\/wp-json\/wp\/v2\/posts\/4048\/revisions"}],"predecessor-version":[{"id":4341,"href":"https:\/\/folkmedia.neptanc.ro\/ro\/wp-json\/wp\/v2\/posts\/4048\/revisions\/4341"}],"wp:featuredmedia":[{"embeddable":true,"href":"https:\/\/folkmedia.neptanc.ro\/ro\/wp-json\/wp\/v2\/media\/2132"}],"wp:attachment":[{"href":"https:\/\/folkmedia.neptanc.ro\/ro\/wp-json\/wp\/v2\/media?parent=4048"}],"wp:term":[{"taxonomy":"category","embeddable":true,"href":"https:\/\/folkmedia.neptanc.ro\/ro\/wp-json\/wp\/v2\/categories?post=4048"},{"taxonomy":"post_tag","embeddable":true,"href":"https:\/\/folkmedia.neptanc.ro\/ro\/wp-json\/wp\/v2\/tags?post=4048"},{"taxonomy":"eloadok","embeddable":true,"href":"https:\/\/folkmedia.neptanc.ro\/ro\/wp-json\/wp\/v2\/eloadok?post=4048"},{"taxonomy":"regio","embeddable":true,"href":"https:\/\/folkmedia.neptanc.ro\/ro\/wp-json\/wp\/v2\/regio?post=4048"},{"taxonomy":"tancdialektus","embeddable":true,"href":"https:\/\/folkmedia.neptanc.ro\/ro\/wp-json\/wp\/v2\/tancdialektus?post=4048"},{"taxonomy":"tanctipus","embeddable":true,"href":"https:\/\/folkmedia.neptanc.ro\/ro\/wp-json\/wp\/v2\/tanctipus?post=4048"},{"taxonomy":"zenetipus","embeddable":true,"href":"https:\/\/folkmedia.neptanc.ro\/ro\/wp-json\/wp\/v2\/zenetipus?post=4048"}],"curies":[{"name":"wp","href":"https:\/\/api.w.org\/{rel}","templated":true}]}}