{"id":4047,"date":"2023-12-21T14:58:14","date_gmt":"2023-12-21T13:58:14","guid":{"rendered":"https:\/\/folkmedia.neptanc.ro\/mediatar\/xix-nepzene-es-neptanc-talalkozo-galamusora-011847\/"},"modified":"2023-12-21T17:13:33","modified_gmt":"2023-12-21T16:13:33","slug":"xix-nepzene-es-neptanc-talalkozo-galamusora-011847","status":"publish","type":"post","link":"https:\/\/folkmedia.neptanc.ro\/ro\/mediatar\/xix-nepzene-es-neptanc-talalkozo-galamusora-011847\/","title":{"rendered":"XIX. N\u00e9pzene \u00e9s N\u00e9pt\u00e1nc Tal\u00e1lkoz\u00f3 G\u00e1lam\u0171sora [01:18:47]"},"content":{"rendered":"<p>PARTEA 2<br \/>\n\u2022\tprezentare<br \/>\n\u2022\tstudiu: Ansamblul de Dansuri Trei Scaune<br \/>\n\u2022\tprezentare, invitan\u021bii din H\u0103r\u0103nglab \u0219i G\u0103ne\u0219ti<br \/>\n\u2022\tErd\u0151s Judit c\u00e2nt\u0103 c\u00e2ntece din Lopadea Nou\u0103, muzica este asigurat\u0103 de taraful Ansamblului de Dansuri Trei Scaune<br \/>\n\u2022\tprezentare &#8211; dansuri \u021big\u0103ne\u0219ti din Ceua\u0219<br \/>\n\u2022\tprezentare &#8211; spectacolul invitan\u021bilor din S\u00e2nbenedic<br \/>\n\u00cenregistrarea a fost f\u0103cut\u0103 la Gala Festivalului de Dans \u0219i Muzic\u0103 Popular\u0103, ed. 19.<\/p>","protected":false},"excerpt":{"rendered":"","protected":false},"author":1,"featured_media":2012,"comment_status":"open","ping_status":"open","sticky":false,"template":"","format":"standard","meta":{"_acf_changed":false,"footnotes":""},"categories":[2],"tags":[],"eloadok":[],"regio":[],"tancdialektus":[],"tanctipus":[],"zenetipus":[],"class_list":["post-4047","post","type-post","status-publish","format-standard","has-post-thumbnail","hentry","category-mozgokep"],"acf":[],"_links":{"self":[{"href":"https:\/\/folkmedia.neptanc.ro\/ro\/wp-json\/wp\/v2\/posts\/4047","targetHints":{"allow":["GET"]}}],"collection":[{"href":"https:\/\/folkmedia.neptanc.ro\/ro\/wp-json\/wp\/v2\/posts"}],"about":[{"href":"https:\/\/folkmedia.neptanc.ro\/ro\/wp-json\/wp\/v2\/types\/post"}],"author":[{"embeddable":true,"href":"https:\/\/folkmedia.neptanc.ro\/ro\/wp-json\/wp\/v2\/users\/1"}],"replies":[{"embeddable":true,"href":"https:\/\/folkmedia.neptanc.ro\/ro\/wp-json\/wp\/v2\/comments?post=4047"}],"version-history":[{"count":2,"href":"https:\/\/folkmedia.neptanc.ro\/ro\/wp-json\/wp\/v2\/posts\/4047\/revisions"}],"predecessor-version":[{"id":4343,"href":"https:\/\/folkmedia.neptanc.ro\/ro\/wp-json\/wp\/v2\/posts\/4047\/revisions\/4343"}],"wp:featuredmedia":[{"embeddable":true,"href":"https:\/\/folkmedia.neptanc.ro\/ro\/wp-json\/wp\/v2\/media\/2012"}],"wp:attachment":[{"href":"https:\/\/folkmedia.neptanc.ro\/ro\/wp-json\/wp\/v2\/media?parent=4047"}],"wp:term":[{"taxonomy":"category","embeddable":true,"href":"https:\/\/folkmedia.neptanc.ro\/ro\/wp-json\/wp\/v2\/categories?post=4047"},{"taxonomy":"post_tag","embeddable":true,"href":"https:\/\/folkmedia.neptanc.ro\/ro\/wp-json\/wp\/v2\/tags?post=4047"},{"taxonomy":"eloadok","embeddable":true,"href":"https:\/\/folkmedia.neptanc.ro\/ro\/wp-json\/wp\/v2\/eloadok?post=4047"},{"taxonomy":"regio","embeddable":true,"href":"https:\/\/folkmedia.neptanc.ro\/ro\/wp-json\/wp\/v2\/regio?post=4047"},{"taxonomy":"tancdialektus","embeddable":true,"href":"https:\/\/folkmedia.neptanc.ro\/ro\/wp-json\/wp\/v2\/tancdialektus?post=4047"},{"taxonomy":"tanctipus","embeddable":true,"href":"https:\/\/folkmedia.neptanc.ro\/ro\/wp-json\/wp\/v2\/tanctipus?post=4047"},{"taxonomy":"zenetipus","embeddable":true,"href":"https:\/\/folkmedia.neptanc.ro\/ro\/wp-json\/wp\/v2\/zenetipus?post=4047"}],"curies":[{"name":"wp","href":"https:\/\/api.w.org\/{rel}","templated":true}]}}