{"id":4045,"date":"2023-12-21T14:58:14","date_gmt":"2023-12-21T13:58:14","guid":{"rendered":"https:\/\/folkmedia.neptanc.ro\/mediatar\/xx-jubileumi-nepzene-es-neptanc-talalkozo-galamusora-021821\/"},"modified":"2023-12-21T17:14:28","modified_gmt":"2023-12-21T16:14:28","slug":"xx-jubileumi-nepzene-es-neptanc-talalkozo-galamusora-021821","status":"publish","type":"post","link":"https:\/\/folkmedia.neptanc.ro\/ro\/mediatar\/xx-jubileumi-nepzene-es-neptanc-talalkozo-galamusora-021821\/","title":{"rendered":"XX. Jubileumi N\u00e9pzene \u00e9s N\u00e9pt\u00e1nc Tal\u00e1lkoz\u00f3 G\u00e1lam\u0171sora [02:18:21]"},"content":{"rendered":"<p>PARTEA 1:<br \/>\nAnsamblul de Dansuri Trei Scaune: dansuri din Mera<br \/>\n1. Fundu R\u0103c\u0103ciuni: dansuri moldovene\u0219ti<br \/>\n2. Prezentare &#8211; Feh\u00e9rv\u00e1ri P\u00e9ter, directorul Ansamblului de Dansuri Trei Scaune De\u00e1k Gyula Levente<br \/>\n3. Invitan\u021bii din Valea \u00centunescoas\u0103<br \/>\n4. Urarea lui K\u00f6ncei \u00c1rp\u00e1d<br \/>\n5. Invitan\u021bii din Glodeni \u0219i Voivodeni<br \/>\n6. Prezentare, Bemond\u00e1s, \u0218ilea Nirajului<br \/>\n7. Prezentare, invitan\u021bii din S\u00e2ndominic<\/p>\n<p>PARTEA 2:<br \/>\n1. Ansamblul de Dansuri Trei Scaune: dansuri din Sic<br \/>\n2. Prezentare &#8211; invitan\u021bii din Fize\u0219u Gherlii<br \/>\n3. Prezentare &#8211; nvitan\u021bii din Fize\u0219u Gherlii \u0219i Vi\u0219ea<br \/>\n4. Prezentare &#8211; danseaz\u0103 K\u00f6ncei \u00c1rp\u00e1d \u0219i Plugor Judit<br \/>\n5. Prezentare &#8211; invitan\u021bii din Suceag \u0219i Ghiorgheni<br \/>\n6. Prezentare &#8211; invitan\u021bii din Zona T\u00e2rnavei Mic\u0103 &#8211; Benedek, Vessz\u0151s, \u00d3zd, Domb\u00f3<br \/>\n\u00cenregistrarea a fost f\u0103cut\u0103 la Gala Festivalului de Dans \u0219i Muzic\u0103 Popular\u0103, ed. 20.<\/p>","protected":false},"excerpt":{"rendered":"","protected":false},"author":1,"featured_media":2128,"comment_status":"open","ping_status":"open","sticky":false,"template":"","format":"standard","meta":{"_acf_changed":false,"footnotes":""},"categories":[2],"tags":[],"eloadok":[],"regio":[],"tancdialektus":[],"tanctipus":[],"zenetipus":[],"class_list":["post-4045","post","type-post","status-publish","format-standard","has-post-thumbnail","hentry","category-mozgokep"],"acf":[],"_links":{"self":[{"href":"https:\/\/folkmedia.neptanc.ro\/ro\/wp-json\/wp\/v2\/posts\/4045","targetHints":{"allow":["GET"]}}],"collection":[{"href":"https:\/\/folkmedia.neptanc.ro\/ro\/wp-json\/wp\/v2\/posts"}],"about":[{"href":"https:\/\/folkmedia.neptanc.ro\/ro\/wp-json\/wp\/v2\/types\/post"}],"author":[{"embeddable":true,"href":"https:\/\/folkmedia.neptanc.ro\/ro\/wp-json\/wp\/v2\/users\/1"}],"replies":[{"embeddable":true,"href":"https:\/\/folkmedia.neptanc.ro\/ro\/wp-json\/wp\/v2\/comments?post=4045"}],"version-history":[{"count":2,"href":"https:\/\/folkmedia.neptanc.ro\/ro\/wp-json\/wp\/v2\/posts\/4045\/revisions"}],"predecessor-version":[{"id":4347,"href":"https:\/\/folkmedia.neptanc.ro\/ro\/wp-json\/wp\/v2\/posts\/4045\/revisions\/4347"}],"wp:featuredmedia":[{"embeddable":true,"href":"https:\/\/folkmedia.neptanc.ro\/ro\/wp-json\/wp\/v2\/media\/2128"}],"wp:attachment":[{"href":"https:\/\/folkmedia.neptanc.ro\/ro\/wp-json\/wp\/v2\/media?parent=4045"}],"wp:term":[{"taxonomy":"category","embeddable":true,"href":"https:\/\/folkmedia.neptanc.ro\/ro\/wp-json\/wp\/v2\/categories?post=4045"},{"taxonomy":"post_tag","embeddable":true,"href":"https:\/\/folkmedia.neptanc.ro\/ro\/wp-json\/wp\/v2\/tags?post=4045"},{"taxonomy":"eloadok","embeddable":true,"href":"https:\/\/folkmedia.neptanc.ro\/ro\/wp-json\/wp\/v2\/eloadok?post=4045"},{"taxonomy":"regio","embeddable":true,"href":"https:\/\/folkmedia.neptanc.ro\/ro\/wp-json\/wp\/v2\/regio?post=4045"},{"taxonomy":"tancdialektus","embeddable":true,"href":"https:\/\/folkmedia.neptanc.ro\/ro\/wp-json\/wp\/v2\/tancdialektus?post=4045"},{"taxonomy":"tanctipus","embeddable":true,"href":"https:\/\/folkmedia.neptanc.ro\/ro\/wp-json\/wp\/v2\/tanctipus?post=4045"},{"taxonomy":"zenetipus","embeddable":true,"href":"https:\/\/folkmedia.neptanc.ro\/ro\/wp-json\/wp\/v2\/zenetipus?post=4045"}],"curies":[{"name":"wp","href":"https:\/\/api.w.org\/{rel}","templated":true}]}}