{"id":4022,"date":"2023-12-21T14:57:40","date_gmt":"2023-12-21T13:57:40","guid":{"rendered":"https:\/\/folkmedia.neptanc.ro\/mediatar\/dvd-kollekcio-magyarlapad-1-005829\/"},"modified":"2023-12-21T17:22:43","modified_gmt":"2023-12-21T16:22:43","slug":"dvd-kollekcio-magyarlapad-1-005829","status":"publish","type":"post","link":"https:\/\/folkmedia.neptanc.ro\/ro\/mediatar\/dvd-kollekcio-magyarlapad-1-005829\/","title":{"rendered":"DVD kollekci\u00f3: Magyarlap\u00e1d 1. [00:58:29]"},"content":{"rendered":"<p>C\u00e2ntece lui M\u00e1rton Sipos:<br \/>\n1.\tDoine:<br \/>\n\u2022\t\u201eB\u0151g a b\u00e1r\u00e1ny a nagy hegyen&#8230;\u201d<br \/>\n\u2022\t\u201eMagas hegyr\u0151l foly le a v\u00edz&#8230;\u201d<br \/>\n2.\tDoina:<br \/>\n\u2022\t\u201eMagas hegyr\u0151l foly le a v\u00edz&#8230;\u201d<br \/>\n3.\t\u201dKatonak\u00eds\u00e9r\u0151\u201d:<br \/>\n\u2022\t\u201eV\u00e1gj\u00e1k az erdei utat&#8230;\u201d<br \/>\n4.\t\u201dKatonak\u00eds\u00e9r\u0151\u201d:<br \/>\n\u2022\t\u201eV\u00e1gj\u00e1k az erdei utat&#8230;\u201d<br \/>\n5.\tC\u00e2ntec \u201dasztali n\u00f3ta\u201d:<br \/>\n\u2022\t\u201eK\u00e9t domb k\u00f6z\u00e9 bes\u00fct\u00f6tt a holdvil\u00e1g&#8230;\u201d<br \/>\n\u00cenregistrare de muzic\u0103:<br \/>\n6.\t\u201dPontoz\u00f3\u201d<br \/>\n7.\tCearda\u0219 de b\u0103tr\u00e2ni, cearda\u0219<br \/>\n8.\tCearda\u0219 de b\u0103tr\u00e2ni<br \/>\n9.\t\u201dSzapora\u201d<br \/>\n10.\t\u201d\u00cenv\u0103rtit\u0103\u201d (dansat\u0103)<br \/>\n11.\t\u201dHaid\u0103u\u201d<br \/>\n12.\tCearda\u0219 de b\u0103tr\u00e2ni<br \/>\n13.\tCearda\u0219 de b\u0103tr\u00e2ni, cearda\u0219, \u201dszapora\u201d (dansat)<br \/>\n14.\t\u201dMenyasszonyk\u00eds\u00e9r\u0151 verbunk\u201d<br \/>\n15.\tCearda\u0219 de b\u0103tr\u00e2ni<br \/>\n\u00cenregistrare de muzic\u0103:<br \/>\n16.\tCearda\u0219 de b\u0103tr\u00e2ni, cearda\u0219:<br \/>\n\u2022\t\u201eH\u00fazd fel, r\u00f3zs\u00e1m, a csizm\u00e1dat&#8230;\u201d<br \/>\n\u2022\t\u201eHideg sincsen, m\u00e9gis befagyott a t\u00f3&#8230;\u201d<br \/>\n\u2022\t\u201eEz a malom de j\u00f3 helyen van&#8230;\u201d<br \/>\n17.\tC\u00e2ntece lui M\u00e1rton Sipos:<br \/>\n\u2022\t\u201eMagas hegyr\u0151l foly le a v\u00edz&#8230;\u201d (doina)<br \/>\n\u2022\t\u201eV\u00e1gj\u00e1k az erdei utat&#8230;\u201d (\u201dkatonak\u00eds\u00e9r\u0151\u201d)<br \/>\n\u2022\t\u201eK\u00e9t domb k\u00f6z\u00e9 bes\u00fct\u00f6tt a holdvil\u00e1g&#8230;\u201d (c\u00e2ntec \u201dasztali n\u00f3ta\u201d)<br \/>\n\u2022\t\u201eB\u0151g a b\u00e1r\u00e1ny a nagy hegyen&#8230;\u201d (doina)<br \/>\n18.\t\u201dLass\u00fa pontoz\u00f3\u201d<br \/>\n19.\tCearda\u0219 de b\u0103tr\u00e2ni, cearda\u0219, \u201dszapora<br \/>\n20.\t\u201dKapcsos\u201d (hor\u0103)<br \/>\n21.\t\u201dLass\u00fa pontoz\u00f3\u201d<br \/>\n\u00cenregistr\u0103rile au fost f\u0103cute cu ocazia Festivalului de Dans \u0219u Muzic\u0103 Popular\u0103, \u00een sediul Ansamblului de Dansuri Trei Scaune.<\/p>","protected":false},"excerpt":{"rendered":"","protected":false},"author":1,"featured_media":2163,"comment_status":"open","ping_status":"open","sticky":false,"template":"","format":"standard","meta":{"_acf_changed":false,"footnotes":""},"categories":[2],"tags":[],"eloadok":[3201,3071,2904,2939,2911,2941,2936,2931,2933,2940,3202,2932,2942,2943,2937,3200,2938],"regio":[3684],"tancdialektus":[3742],"tanctipus":[],"zenetipus":[],"class_list":["post-4022","post","type-post","status-publish","format-standard","has-post-thumbnail","hentry","category-mozgokep","eloadok-gazsi-annamaria","eloadok-janosi-jozsef","eloadok-konczei-arpad","eloadok-nagy-janos","eloadok-pavai-istvan","eloadok-sipos-ferenc","eloadok-sipos-gergely-margit","eloadok-sipos-marton","eloadok-szabo-ferenc-nuci","eloadok-szabo-sandor-nuci","eloadok-szalay-zoltan","eloadok-szekely-istvan","eloadok-szilagyi-andras","eloadok-turzai-andras","eloadok-turzai-gyongyi","eloadok-turzai-szilagyi-hajnalka","eloadok-turzai-tunde","regio-kukullo-mente","tancdialektus-kukullomenti"],"acf":[],"_links":{"self":[{"href":"https:\/\/folkmedia.neptanc.ro\/ro\/wp-json\/wp\/v2\/posts\/4022","targetHints":{"allow":["GET"]}}],"collection":[{"href":"https:\/\/folkmedia.neptanc.ro\/ro\/wp-json\/wp\/v2\/posts"}],"about":[{"href":"https:\/\/folkmedia.neptanc.ro\/ro\/wp-json\/wp\/v2\/types\/post"}],"author":[{"embeddable":true,"href":"https:\/\/folkmedia.neptanc.ro\/ro\/wp-json\/wp\/v2\/users\/1"}],"replies":[{"embeddable":true,"href":"https:\/\/folkmedia.neptanc.ro\/ro\/wp-json\/wp\/v2\/comments?post=4022"}],"version-history":[{"count":2,"href":"https:\/\/folkmedia.neptanc.ro\/ro\/wp-json\/wp\/v2\/posts\/4022\/revisions"}],"predecessor-version":[{"id":4393,"href":"https:\/\/folkmedia.neptanc.ro\/ro\/wp-json\/wp\/v2\/posts\/4022\/revisions\/4393"}],"wp:featuredmedia":[{"embeddable":true,"href":"https:\/\/folkmedia.neptanc.ro\/ro\/wp-json\/wp\/v2\/media\/2163"}],"wp:attachment":[{"href":"https:\/\/folkmedia.neptanc.ro\/ro\/wp-json\/wp\/v2\/media?parent=4022"}],"wp:term":[{"taxonomy":"category","embeddable":true,"href":"https:\/\/folkmedia.neptanc.ro\/ro\/wp-json\/wp\/v2\/categories?post=4022"},{"taxonomy":"post_tag","embeddable":true,"href":"https:\/\/folkmedia.neptanc.ro\/ro\/wp-json\/wp\/v2\/tags?post=4022"},{"taxonomy":"eloadok","embeddable":true,"href":"https:\/\/folkmedia.neptanc.ro\/ro\/wp-json\/wp\/v2\/eloadok?post=4022"},{"taxonomy":"regio","embeddable":true,"href":"https:\/\/folkmedia.neptanc.ro\/ro\/wp-json\/wp\/v2\/regio?post=4022"},{"taxonomy":"tancdialektus","embeddable":true,"href":"https:\/\/folkmedia.neptanc.ro\/ro\/wp-json\/wp\/v2\/tancdialektus?post=4022"},{"taxonomy":"tanctipus","embeddable":true,"href":"https:\/\/folkmedia.neptanc.ro\/ro\/wp-json\/wp\/v2\/tanctipus?post=4022"},{"taxonomy":"zenetipus","embeddable":true,"href":"https:\/\/folkmedia.neptanc.ro\/ro\/wp-json\/wp\/v2\/zenetipus?post=4022"}],"curies":[{"name":"wp","href":"https:\/\/api.w.org\/{rel}","templated":true}]}}