{"id":4020,"date":"2023-12-21T14:57:40","date_gmt":"2023-12-21T13:57:40","guid":{"rendered":"https:\/\/folkmedia.neptanc.ro\/mediatar\/dvd-kollekcio-szek-2-010159\/"},"modified":"2023-12-21T17:23:20","modified_gmt":"2023-12-21T16:23:20","slug":"dvd-kollekcio-szek-2-010159","status":"publish","type":"post","link":"https:\/\/folkmedia.neptanc.ro\/ro\/mediatar\/dvd-kollekcio-szek-2-010159\/","title":{"rendered":"DVD kollekci\u00f3: Sz\u00e9k 2. [01:01:59]"},"content":{"rendered":"<p>1.\tUnguresc, rar, cearda\u0219, \u201ds\u0171r\u0171 temp\u00f3\u201d, \u201dritka temp\u00f3\u201d, \u201dverbunk\u201d<br \/>\n2.\t\u201dS\u0171r\u0171 temp\u00f3\u201d, \u201dritka temp\u00f3\u201d<br \/>\n3.\t\u201dPorka\u201d, \u0219apte pa\u0219i<br \/>\n4.\tCearda\u0219<br \/>\n5.\tCearda\u0219<br \/>\n6.\t\u201dMenyasszonyk\u00eds\u00e9r\u0151\u201d, Mar\u0219ul R\u00e1k\u00f3czi (mar\u0219ul de nunt\u0103)<br \/>\n7.\tRar<br \/>\n8.\tRar<br \/>\n9.\tRar<br \/>\n10.\tUnguresc, cearda\u0219, \u201ds\u0171r\u0171 temp\u00f3\u201d<br \/>\n\u00cenregistr\u0103rile au fost f\u0103cute cu ocazia Festivalului de Dans \u0219u Muzic\u0103 Popular\u0103, \u00een sediul Ansamblului de Dansuri Trei Scaune.<\/p>","protected":false},"excerpt":{"rendered":"","protected":false},"author":1,"featured_media":2187,"comment_status":"open","ping_status":"open","sticky":false,"template":"","format":"standard","meta":{"_acf_changed":false,"footnotes":""},"categories":[2],"tags":[],"eloadok":[2976,3582,2977,3199,2904,2983,2984,2911,2980,3606,3198,2981,3586],"regio":[3676],"tancdialektus":[3682],"tanctipus":[],"zenetipus":[],"class_list":["post-4020","post","type-post","status-publish","format-standard","has-post-thumbnail","hentry","category-mozgokep","eloadok-csorba-serestely-rozalia-rozsi","eloadok-csorba-janos-2","eloadok-fodor-istvan","eloadok-fodor-zsuzsa","eloadok-konczei-arpad","eloadok-moldovan-gyorgy-ilka-gyuri","eloadok-moldovan-miklos","eloadok-pavai-istvan","eloadok-sallai-bardos-sara","eloadok-sallai-istvan-2","eloadok-szabo-gabor-rozalia","eloadok-szabo-istvan-kicsi-jozsi","eloadok-szasz-lorinc-2","regio-mezoseg","tancdialektus-mezosegi"],"acf":[],"_links":{"self":[{"href":"https:\/\/folkmedia.neptanc.ro\/ro\/wp-json\/wp\/v2\/posts\/4020","targetHints":{"allow":["GET"]}}],"collection":[{"href":"https:\/\/folkmedia.neptanc.ro\/ro\/wp-json\/wp\/v2\/posts"}],"about":[{"href":"https:\/\/folkmedia.neptanc.ro\/ro\/wp-json\/wp\/v2\/types\/post"}],"author":[{"embeddable":true,"href":"https:\/\/folkmedia.neptanc.ro\/ro\/wp-json\/wp\/v2\/users\/1"}],"replies":[{"embeddable":true,"href":"https:\/\/folkmedia.neptanc.ro\/ro\/wp-json\/wp\/v2\/comments?post=4020"}],"version-history":[{"count":2,"href":"https:\/\/folkmedia.neptanc.ro\/ro\/wp-json\/wp\/v2\/posts\/4020\/revisions"}],"predecessor-version":[{"id":4397,"href":"https:\/\/folkmedia.neptanc.ro\/ro\/wp-json\/wp\/v2\/posts\/4020\/revisions\/4397"}],"wp:featuredmedia":[{"embeddable":true,"href":"https:\/\/folkmedia.neptanc.ro\/ro\/wp-json\/wp\/v2\/media\/2187"}],"wp:attachment":[{"href":"https:\/\/folkmedia.neptanc.ro\/ro\/wp-json\/wp\/v2\/media?parent=4020"}],"wp:term":[{"taxonomy":"category","embeddable":true,"href":"https:\/\/folkmedia.neptanc.ro\/ro\/wp-json\/wp\/v2\/categories?post=4020"},{"taxonomy":"post_tag","embeddable":true,"href":"https:\/\/folkmedia.neptanc.ro\/ro\/wp-json\/wp\/v2\/tags?post=4020"},{"taxonomy":"eloadok","embeddable":true,"href":"https:\/\/folkmedia.neptanc.ro\/ro\/wp-json\/wp\/v2\/eloadok?post=4020"},{"taxonomy":"regio","embeddable":true,"href":"https:\/\/folkmedia.neptanc.ro\/ro\/wp-json\/wp\/v2\/regio?post=4020"},{"taxonomy":"tancdialektus","embeddable":true,"href":"https:\/\/folkmedia.neptanc.ro\/ro\/wp-json\/wp\/v2\/tancdialektus?post=4020"},{"taxonomy":"tanctipus","embeddable":true,"href":"https:\/\/folkmedia.neptanc.ro\/ro\/wp-json\/wp\/v2\/tanctipus?post=4020"},{"taxonomy":"zenetipus","embeddable":true,"href":"https:\/\/folkmedia.neptanc.ro\/ro\/wp-json\/wp\/v2\/zenetipus?post=4020"}],"curies":[{"name":"wp","href":"https:\/\/api.w.org\/{rel}","templated":true}]}}