{"id":4009,"date":"2023-12-21T14:57:12","date_gmt":"2023-12-21T13:57:12","guid":{"rendered":"https:\/\/folkmedia.neptanc.ro\/mediatar\/dvd-kollekcio-csikszentdomokos-3-003446\/"},"modified":"2023-12-21T14:57:12","modified_gmt":"2023-12-21T13:57:12","slug":"dvd-kollekcio-csikszentdomokos-3-003446","status":"publish","type":"post","link":"https:\/\/folkmedia.neptanc.ro\/ro\/mediatar\/dvd-kollekcio-csikszentdomokos-3-003446\/","title":{"rendered":"DVD kollekci\u00f3: Cs\u00edkszentdomokos 3. [00:34:46]"},"content":{"rendered":"<p>1.\t\u0219apte pa\u0219i<br \/>\n2.\tcearda\u0219 rar \u0219i des<br \/>\n3.\t\u201df\u00e9lol\u00e1hos\u201d \u0219i \u201dorosz zsuka\u201d (\u00c1goston \u201eZsuk\u00e1s Guszti\u201d B\u00edr\u00f3)<br \/>\n4.\tc\u00e2tece (b\u0103rba\u021bi)<br \/>\n\u2022\t&#8222;Domokosi cs\u00e1rd\u00e1ba&#8230;&#8221;<br \/>\n\u2022\t&#8222;N\u00e9kem olyan asszony kell&#8230;&#8221;<br \/>\n\u2022\t&#8222;\u00daj kor\u00e1ba repedjen meg a csizm\u00e1m&#8230;&#8221;<br \/>\n\u2022\t&#8222;Kicsi csillag, ha leesik, elter\u00fcl&#8230;&#8221;<br \/>\n\u2022\t&#8222;Most j\u00f6v\u00f6k Gyul\u00e1r\u00f3l&#8230;&#8221;<br \/>\n5.\tc\u00e2ntece maghiare (Roz\u00e1lia B\u00edr\u00f3, so\u021bia lui Ill\u00e9s Szab\u00f3)<br \/>\n\u2022\t&#8222;Kinek els\u0151 szent kir\u00e1lyunk&#8230;&#8221;<br \/>\n\u2022\t&#8222;Feh\u00e9r a harisny\u00e1m&#8230;&#8221;<br \/>\n6.\tc\u00e2ntece (femei)<br \/>\n\u2022\t&#8222;\u00c9desany\u00e1m meghalok, meghalok&#8230;&#8221;<br \/>\n\u2022\t&#8222;Kicsi tulok, nagy a j\u00e1rom&#8230;&#8221;<br \/>\n\u2022\t&#8222;\u00c9desany\u00e1m meghalok, meghalok&#8230;&#8221;<br \/>\n7.\tc\u00e2ntece (\u00c1goston \u201eZsuk\u00e1s Guszti\u201d B\u00edr\u00f3)<br \/>\n\u2022\t&#8222;Ha meguntad, bab\u00e1m, v\u00e9lem \u00e9letedet&#8230;&#8221;<br \/>\n\u2022\t&#8222;Tiszta szeszb\u0151l vegy\u00edtik a p\u00e1link\u00e1t&#8230;&#8221;<br \/>\n\u2022\t&#8222;Jobb a bor, jobb a s\u00f6r, jobb a p\u00e1link\u00e1n\u00e1l&#8230;&#8221;<br \/>\n\u2022\t&#8222;Tiszta szeszb\u0151l vegy\u00edtik a p\u00e1link\u00e1t&#8230;&#8221;<br \/>\n\u00cenregistr\u0103rile au fost f\u0103cute cu ocazia Festivalului de Dans \u0219u Muzic\u0103 Popular\u0103, \u00een sediul Ansamblului de Dansuri Trei Scaune. Gazda spectacolului a fost \u00c1rp\u00e1d K\u00f6nczei.<\/p>","protected":false},"excerpt":{"rendered":"","protected":false},"author":1,"featured_media":2192,"comment_status":"open","ping_status":"open","sticky":false,"template":"","format":"standard","meta":{"_acf_changed":false,"footnotes":""},"categories":[2],"tags":[],"eloadok":[2944,2946,2945,2947,2948,2950,2956,2904,2911,2955,2949,2952,2953,2954],"regio":[3693],"tancdialektus":[3694],"tanctipus":[],"zenetipus":[],"class_list":["post-4009","post","type-post","status-publish","format-standard","has-post-thumbnail","hentry","category-mozgokep","eloadok-albert-gergely","eloadok-balint-vilmos","eloadok-bara-rozalia","eloadok-biro-agoston-zsukas-guszti","eloadok-biro-erzsebet","eloadok-bodo-marcsella","eloadok-duduj-rozalia-malacos","eloadok-konczei-arpad","eloadok-pavai-istvan","eloadok-sinka-sandor-demeter","eloadok-szabo-biro-rozalia","eloadok-szabo-illes","eloadok-tamas-anna","eloadok-tamas-ferenc","regio-felcsik","tancdialektus-felcsiki"],"acf":[],"_links":{"self":[{"href":"https:\/\/folkmedia.neptanc.ro\/ro\/wp-json\/wp\/v2\/posts\/4009","targetHints":{"allow":["GET"]}}],"collection":[{"href":"https:\/\/folkmedia.neptanc.ro\/ro\/wp-json\/wp\/v2\/posts"}],"about":[{"href":"https:\/\/folkmedia.neptanc.ro\/ro\/wp-json\/wp\/v2\/types\/post"}],"author":[{"embeddable":true,"href":"https:\/\/folkmedia.neptanc.ro\/ro\/wp-json\/wp\/v2\/users\/1"}],"replies":[{"embeddable":true,"href":"https:\/\/folkmedia.neptanc.ro\/ro\/wp-json\/wp\/v2\/comments?post=4009"}],"version-history":[{"count":0,"href":"https:\/\/folkmedia.neptanc.ro\/ro\/wp-json\/wp\/v2\/posts\/4009\/revisions"}],"wp:featuredmedia":[{"embeddable":true,"href":"https:\/\/folkmedia.neptanc.ro\/ro\/wp-json\/wp\/v2\/media\/2192"}],"wp:attachment":[{"href":"https:\/\/folkmedia.neptanc.ro\/ro\/wp-json\/wp\/v2\/media?parent=4009"}],"wp:term":[{"taxonomy":"category","embeddable":true,"href":"https:\/\/folkmedia.neptanc.ro\/ro\/wp-json\/wp\/v2\/categories?post=4009"},{"taxonomy":"post_tag","embeddable":true,"href":"https:\/\/folkmedia.neptanc.ro\/ro\/wp-json\/wp\/v2\/tags?post=4009"},{"taxonomy":"eloadok","embeddable":true,"href":"https:\/\/folkmedia.neptanc.ro\/ro\/wp-json\/wp\/v2\/eloadok?post=4009"},{"taxonomy":"regio","embeddable":true,"href":"https:\/\/folkmedia.neptanc.ro\/ro\/wp-json\/wp\/v2\/regio?post=4009"},{"taxonomy":"tancdialektus","embeddable":true,"href":"https:\/\/folkmedia.neptanc.ro\/ro\/wp-json\/wp\/v2\/tancdialektus?post=4009"},{"taxonomy":"tanctipus","embeddable":true,"href":"https:\/\/folkmedia.neptanc.ro\/ro\/wp-json\/wp\/v2\/tanctipus?post=4009"},{"taxonomy":"zenetipus","embeddable":true,"href":"https:\/\/folkmedia.neptanc.ro\/ro\/wp-json\/wp\/v2\/zenetipus?post=4009"}],"curies":[{"name":"wp","href":"https:\/\/api.w.org\/{rel}","templated":true}]}}