{"id":4007,"date":"2023-12-21T14:57:12","date_gmt":"2023-12-21T13:57:12","guid":{"rendered":"https:\/\/folkmedia.neptanc.ro\/mediatar\/dvd-kollekcio-csikszentdomokos-1-004146\/"},"modified":"2023-12-21T17:27:42","modified_gmt":"2023-12-21T16:27:42","slug":"dvd-kollekcio-csikszentdomokos-1-004146","status":"publish","type":"post","link":"https:\/\/folkmedia.neptanc.ro\/ro\/mediatar\/dvd-kollekcio-csikszentdomokos-1-004146\/","title":{"rendered":"DVD kollekci\u00f3: Cs\u00edkszentdomokos 1. [00:41:46]"},"content":{"rendered":"<p>1.\tprezentarea interpre\u021bilor \u0219i datelor lor de na\u0219tere<br \/>\n2.\tcearda\u0219 rar \u0219i des<br \/>\n3.\tcearda\u0219 rar \u0219i des<br \/>\n4.\t\u201df\u00e9lol\u00e1hos\u201d, \u201dorosz zsuka\u201d, \u201etorokgy\u00e1szka\u201d (\u201dzsuka\u201d), \u201dkezes\u201d (\u00c1goston \u201eZsuk\u00e1s Guszti\u201d B\u00edr\u00f3, Erzs\u00e9bet B\u00edr\u00f3)<br \/>\n5.\tcearda\u0219 rar \u0219i des, \u201dcepper\u201d<br \/>\n6.\t\u201d\u00f6r\u00f6manyat\u00e1nca\u201d, \u201dp\u00e1rn\u00e1st\u00e1nc\u201d, \u201dhaddel te kicsike\u201d, \u201d\u00f6regzsid\u00f3s\u201d<br \/>\n\u00cenregistr\u0103rile au fost f\u0103cute cu ocazia Festivalului de Dans \u0219u Muzic\u0103 Popular\u0103, \u00een sediul Ansamblului de Dansuri Trei Scaune. Gazda spectacolului a fost \u00c1rp\u00e1d K\u00f6nczei.<\/p>","protected":false},"excerpt":{"rendered":"","protected":false},"author":1,"featured_media":2194,"comment_status":"open","ping_status":"open","sticky":false,"template":"","format":"standard","meta":{"_acf_changed":false,"footnotes":""},"categories":[2],"tags":[],"eloadok":[2944,2946,2947,2948,2950,2956,2904,2911,2955,2949,2952,2953,2954],"regio":[3693],"tancdialektus":[3694],"tanctipus":[],"zenetipus":[],"class_list":["post-4007","post","type-post","status-publish","format-standard","has-post-thumbnail","hentry","category-mozgokep","eloadok-albert-gergely","eloadok-balint-vilmos","eloadok-biro-agoston-zsukas-guszti","eloadok-biro-erzsebet","eloadok-bodo-marcsella","eloadok-duduj-rozalia-malacos","eloadok-konczei-arpad","eloadok-pavai-istvan","eloadok-sinka-sandor-demeter","eloadok-szabo-biro-rozalia","eloadok-szabo-illes","eloadok-tamas-anna","eloadok-tamas-ferenc","regio-felcsik","tancdialektus-felcsiki"],"acf":[],"_links":{"self":[{"href":"https:\/\/folkmedia.neptanc.ro\/ro\/wp-json\/wp\/v2\/posts\/4007","targetHints":{"allow":["GET"]}}],"collection":[{"href":"https:\/\/folkmedia.neptanc.ro\/ro\/wp-json\/wp\/v2\/posts"}],"about":[{"href":"https:\/\/folkmedia.neptanc.ro\/ro\/wp-json\/wp\/v2\/types\/post"}],"author":[{"embeddable":true,"href":"https:\/\/folkmedia.neptanc.ro\/ro\/wp-json\/wp\/v2\/users\/1"}],"replies":[{"embeddable":true,"href":"https:\/\/folkmedia.neptanc.ro\/ro\/wp-json\/wp\/v2\/comments?post=4007"}],"version-history":[{"count":2,"href":"https:\/\/folkmedia.neptanc.ro\/ro\/wp-json\/wp\/v2\/posts\/4007\/revisions"}],"predecessor-version":[{"id":4417,"href":"https:\/\/folkmedia.neptanc.ro\/ro\/wp-json\/wp\/v2\/posts\/4007\/revisions\/4417"}],"wp:featuredmedia":[{"embeddable":true,"href":"https:\/\/folkmedia.neptanc.ro\/ro\/wp-json\/wp\/v2\/media\/2194"}],"wp:attachment":[{"href":"https:\/\/folkmedia.neptanc.ro\/ro\/wp-json\/wp\/v2\/media?parent=4007"}],"wp:term":[{"taxonomy":"category","embeddable":true,"href":"https:\/\/folkmedia.neptanc.ro\/ro\/wp-json\/wp\/v2\/categories?post=4007"},{"taxonomy":"post_tag","embeddable":true,"href":"https:\/\/folkmedia.neptanc.ro\/ro\/wp-json\/wp\/v2\/tags?post=4007"},{"taxonomy":"eloadok","embeddable":true,"href":"https:\/\/folkmedia.neptanc.ro\/ro\/wp-json\/wp\/v2\/eloadok?post=4007"},{"taxonomy":"regio","embeddable":true,"href":"https:\/\/folkmedia.neptanc.ro\/ro\/wp-json\/wp\/v2\/regio?post=4007"},{"taxonomy":"tancdialektus","embeddable":true,"href":"https:\/\/folkmedia.neptanc.ro\/ro\/wp-json\/wp\/v2\/tancdialektus?post=4007"},{"taxonomy":"tanctipus","embeddable":true,"href":"https:\/\/folkmedia.neptanc.ro\/ro\/wp-json\/wp\/v2\/tanctipus?post=4007"},{"taxonomy":"zenetipus","embeddable":true,"href":"https:\/\/folkmedia.neptanc.ro\/ro\/wp-json\/wp\/v2\/zenetipus?post=4007"}],"curies":[{"name":"wp","href":"https:\/\/api.w.org\/{rel}","templated":true}]}}