{"id":3843,"date":"2023-12-21T14:53:57","date_gmt":"2023-12-21T13:53:57","guid":{"rendered":"https:\/\/folkmedia.neptanc.ro\/mediatar\/szilagysamsoni-csardas-es-covekelo-sebes-csardas-001101\/"},"modified":"2023-12-21T17:44:27","modified_gmt":"2023-12-21T16:44:27","slug":"szilagysamsoni-csardas-es-covekelo-sebes-csardas-001101","status":"publish","type":"post","link":"https:\/\/folkmedia.neptanc.ro\/ro\/mediatar\/szilagysamsoni-csardas-es-covekelo-sebes-csardas-001101\/","title":{"rendered":"szilagysamsoni cs\u00e1rd\u00e1s \u00e9s \u201ec\u00f6vekel\u0151\u201d (sebes cs\u00e1rd\u00e1s) [00:11:01]"},"content":{"rendered":"<p>Tipul de muzic\u0103: din regiunea Szil\u00e1gys\u00e1gi<\/p>","protected":false},"excerpt":{"rendered":"","protected":false},"author":1,"featured_media":2226,"comment_status":"open","ping_status":"open","sticky":false,"template":"","format":"standard","meta":{"_acf_changed":false,"footnotes":""},"categories":[2],"tags":[],"eloadok":[3125,3124,3123,2896,3129],"regio":[3679],"tancdialektus":[],"tanctipus":[],"zenetipus":[3733],"class_list":["post-3843","post","type-post","status-publish","format-standard","has-post-thumbnail","hentry","category-mozgokep","eloadok-berki-bela-buksi","eloadok-boda-vilmos-dandalo","eloadok-kanalas-imre","eloadok-matyi-istvan","eloadok-tomus-ferenc","regio-szilagysag","zenetipus-szilagysagi"],"acf":[],"_links":{"self":[{"href":"https:\/\/folkmedia.neptanc.ro\/ro\/wp-json\/wp\/v2\/posts\/3843","targetHints":{"allow":["GET"]}}],"collection":[{"href":"https:\/\/folkmedia.neptanc.ro\/ro\/wp-json\/wp\/v2\/posts"}],"about":[{"href":"https:\/\/folkmedia.neptanc.ro\/ro\/wp-json\/wp\/v2\/types\/post"}],"author":[{"embeddable":true,"href":"https:\/\/folkmedia.neptanc.ro\/ro\/wp-json\/wp\/v2\/users\/1"}],"replies":[{"embeddable":true,"href":"https:\/\/folkmedia.neptanc.ro\/ro\/wp-json\/wp\/v2\/comments?post=3843"}],"version-history":[{"count":2,"href":"https:\/\/folkmedia.neptanc.ro\/ro\/wp-json\/wp\/v2\/posts\/3843\/revisions"}],"predecessor-version":[{"id":4509,"href":"https:\/\/folkmedia.neptanc.ro\/ro\/wp-json\/wp\/v2\/posts\/3843\/revisions\/4509"}],"wp:featuredmedia":[{"embeddable":true,"href":"https:\/\/folkmedia.neptanc.ro\/ro\/wp-json\/wp\/v2\/media\/2226"}],"wp:attachment":[{"href":"https:\/\/folkmedia.neptanc.ro\/ro\/wp-json\/wp\/v2\/media?parent=3843"}],"wp:term":[{"taxonomy":"category","embeddable":true,"href":"https:\/\/folkmedia.neptanc.ro\/ro\/wp-json\/wp\/v2\/categories?post=3843"},{"taxonomy":"post_tag","embeddable":true,"href":"https:\/\/folkmedia.neptanc.ro\/ro\/wp-json\/wp\/v2\/tags?post=3843"},{"taxonomy":"eloadok","embeddable":true,"href":"https:\/\/folkmedia.neptanc.ro\/ro\/wp-json\/wp\/v2\/eloadok?post=3843"},{"taxonomy":"regio","embeddable":true,"href":"https:\/\/folkmedia.neptanc.ro\/ro\/wp-json\/wp\/v2\/regio?post=3843"},{"taxonomy":"tancdialektus","embeddable":true,"href":"https:\/\/folkmedia.neptanc.ro\/ro\/wp-json\/wp\/v2\/tancdialektus?post=3843"},{"taxonomy":"tanctipus","embeddable":true,"href":"https:\/\/folkmedia.neptanc.ro\/ro\/wp-json\/wp\/v2\/tanctipus?post=3843"},{"taxonomy":"zenetipus","embeddable":true,"href":"https:\/\/folkmedia.neptanc.ro\/ro\/wp-json\/wp\/v2\/zenetipus?post=3843"}],"curies":[{"name":"wp","href":"https:\/\/api.w.org\/{rel}","templated":true}]}}