{"id":3840,"date":"2023-12-21T14:53:57","date_gmt":"2023-12-21T13:53:57","guid":{"rendered":"https:\/\/folkmedia.neptanc.ro\/mediatar\/szilagysamsoni-asztali-zene-000135\/"},"modified":"2023-12-21T14:53:57","modified_gmt":"2023-12-21T13:53:57","slug":"szilagysamsoni-asztali-zene-000135","status":"publish","type":"post","link":"https:\/\/folkmedia.neptanc.ro\/ro\/mediatar\/szilagysamsoni-asztali-zene-000135\/","title":{"rendered":"szil\u00e1gys\u00e1msoni \u201easztali zene\u201d [00:01:35]"},"content":{"rendered":"<p>Tipul de muzic\u0103: din regiunea Szil\u00e1gys\u00e1g<\/p>","protected":false},"excerpt":{"rendered":"","protected":false},"author":1,"featured_media":2226,"comment_status":"open","ping_status":"open","sticky":false,"template":"","format":"standard","meta":{"_acf_changed":false,"footnotes":""},"categories":[2],"tags":[],"eloadok":[3125,3124,3123,2896,3129],"regio":[3679],"tancdialektus":[],"tanctipus":[],"zenetipus":[3733],"class_list":["post-3840","post","type-post","status-publish","format-standard","has-post-thumbnail","hentry","category-mozgokep","eloadok-berki-bela-buksi","eloadok-boda-vilmos-dandalo","eloadok-kanalas-imre","eloadok-matyi-istvan","eloadok-tomus-ferenc","regio-szilagysag","zenetipus-szilagysagi"],"acf":[],"_links":{"self":[{"href":"https:\/\/folkmedia.neptanc.ro\/ro\/wp-json\/wp\/v2\/posts\/3840","targetHints":{"allow":["GET"]}}],"collection":[{"href":"https:\/\/folkmedia.neptanc.ro\/ro\/wp-json\/wp\/v2\/posts"}],"about":[{"href":"https:\/\/folkmedia.neptanc.ro\/ro\/wp-json\/wp\/v2\/types\/post"}],"author":[{"embeddable":true,"href":"https:\/\/folkmedia.neptanc.ro\/ro\/wp-json\/wp\/v2\/users\/1"}],"replies":[{"embeddable":true,"href":"https:\/\/folkmedia.neptanc.ro\/ro\/wp-json\/wp\/v2\/comments?post=3840"}],"version-history":[{"count":0,"href":"https:\/\/folkmedia.neptanc.ro\/ro\/wp-json\/wp\/v2\/posts\/3840\/revisions"}],"wp:featuredmedia":[{"embeddable":true,"href":"https:\/\/folkmedia.neptanc.ro\/ro\/wp-json\/wp\/v2\/media\/2226"}],"wp:attachment":[{"href":"https:\/\/folkmedia.neptanc.ro\/ro\/wp-json\/wp\/v2\/media?parent=3840"}],"wp:term":[{"taxonomy":"category","embeddable":true,"href":"https:\/\/folkmedia.neptanc.ro\/ro\/wp-json\/wp\/v2\/categories?post=3840"},{"taxonomy":"post_tag","embeddable":true,"href":"https:\/\/folkmedia.neptanc.ro\/ro\/wp-json\/wp\/v2\/tags?post=3840"},{"taxonomy":"eloadok","embeddable":true,"href":"https:\/\/folkmedia.neptanc.ro\/ro\/wp-json\/wp\/v2\/eloadok?post=3840"},{"taxonomy":"regio","embeddable":true,"href":"https:\/\/folkmedia.neptanc.ro\/ro\/wp-json\/wp\/v2\/regio?post=3840"},{"taxonomy":"tancdialektus","embeddable":true,"href":"https:\/\/folkmedia.neptanc.ro\/ro\/wp-json\/wp\/v2\/tancdialektus?post=3840"},{"taxonomy":"tanctipus","embeddable":true,"href":"https:\/\/folkmedia.neptanc.ro\/ro\/wp-json\/wp\/v2\/tanctipus?post=3840"},{"taxonomy":"zenetipus","embeddable":true,"href":"https:\/\/folkmedia.neptanc.ro\/ro\/wp-json\/wp\/v2\/zenetipus?post=3840"}],"curies":[{"name":"wp","href":"https:\/\/api.w.org\/{rel}","templated":true}]}}