{"id":3832,"date":"2023-12-21T14:53:36","date_gmt":"2023-12-21T13:53:36","guid":{"rendered":"https:\/\/folkmedia.neptanc.ro\/mediatar\/revival-jellegu-musor-vi-ifjusagi-neptanctalalkozo-051353\/"},"modified":"2023-12-21T17:48:04","modified_gmt":"2023-12-21T16:48:04","slug":"revival-jellegu-musor-vi-ifjusagi-neptanctalalkozo-051353","status":"publish","type":"post","link":"https:\/\/folkmedia.neptanc.ro\/ro\/mediatar\/revival-jellegu-musor-vi-ifjusagi-neptanctalalkozo-051353\/","title":{"rendered":"revival jelleg\u0171 m\u0171sor &#8211; VI. Ifj\u00fas\u00e1gi N\u00e9pt\u00e1nctal\u00e1lkoz\u00f3 [05:13:53]"},"content":{"rendered":"<p>Festivalul de Dansuri Populare pentru Tineret, edi\u0163ia 6, \u00eent\u00e2lnirea ansamblurilor Maghiare din jud. Cluj \u00een aula Liceului Teoretic Brassai S\u00e1muel \u00een 5 aprilie 2002. \u00cenregistrarea a fost f\u0103cut\u0103 de Asocia\u021bia Bog\u00e1ncs \u2013 Zurbol\u00f3. Interpre\u021bii \u00een ordine de apari\u021bie pe scen\u0103:<\/p>\n<p>11:00-14:00 \u2013 Festival de Dansuri Populare pentru Tineret, edi\u0163ia 6. (I.) <\/p>\n<p>1.\tAnsamblul Morzsabog\u00e1ncs \u2013 dansuri din Lopadea Nou\u0103<br \/>\nDeschiderea festiv\u0103 a festivalului. Discursul de felicitare este \u021binut de M\u00e1ria K\u00f3sa, directoarea Liceului Teoretic Brassai S\u00e1muel. \u00cen numele organizatorilor ia cuv\u00e2ntul Csongor K\u00f6nczei. Prezentatoarea programului de diminea\u021ba este Borb\u00e1la M\u00fcller.<br \/>\n2.\tAnsamblul de copii din Luna de Sus \u2013 dansuri din regiunea Felcs\u00edk<br \/>\n3.\tAnsamblul Apr\u00f3bog\u00e1ncs \u2013 dansuri din regiunea R\u00e1bak\u00f6z<br \/>\n4.\tAnsamblul de copii din Vii\u0219oara \u2013 jocuri de copii<br \/>\n5.\tAnsamblul Apr\u00f3bog\u00e1ncs \u2013 dansuri din Lopadea Nou\u0103<br \/>\n6.\tAnsamblul de copii din Mera<br \/>\n7.\tAnsamblul Kisbog\u00e1ncs \u2013 dansuri din S\u00e2ncrai<br \/>\n8.\tAnsamblul de copii din S\u0103v\u0103disla<br \/>\n9.\tAnsamblul Kisbog\u00e1ncs \u2013 \u201dkarik\u00e1z\u00f3\u201d din regiunea S\u00e1rk\u00f6z<br \/>\n10.\tAnsamblul de copii din Huedin<br \/>\n11.\tAnsamblul Bog\u00e1ncs Ut\u00e1np\u00f3tl\u00e1s \u2013 dansuri din regiunea Mez\u0151s\u00e9g<br \/>\n12.\tAnsamblul de copii din S\u00e2ncrai<br \/>\nDiscurs de felicitare de Zsolt Solymosi din partea Colegiului Unitar\u0103.<br \/>\n13.\tAnsamblul Szam\u00f3ca din Colegiul Unitar\u0103 \u2013 dansuri din Sic<br \/>\n14.\tAnsamblul Kiskal\u00e1ka din Gherla \u2013 dansuri din reguinea Felcs\u00edk \u2013 f\u0103r\u0103 muzic\u0103 live<br \/>\n15.\tAnsamblul Bog\u00e1ncs \u2013 dansuri rom\u00e2ne\u0219ti din Cip\u0103ieni <\/p>\n<p>16:00-19:00 \u2013 Festival de Dansuri Populare pentru Tineret, edi\u0163ia 6 (II.)<\/p>\n<p>1.\tAnsamblul Bog\u00e1ncs \u2013 dansuri din Mera<br \/>\nDiscursul de felicitare este \u021binut de Zsolt Szab\u00f3, pre\u0219edintele Funda\u021bei Fo\u0219tilor Elevi ai Liceului Brassai S\u00e1muel. \u00cen numele organizatorilor ia cuv\u00e2ntul Csongor K\u00f6nczei. Prezentatoarea programului de dup\u0103-amiaz\u0103 este Csongor Dobri.<br \/>\n2.\tAnsamblul de tineret din Luna de Sus<br \/>\n3.\tAnsamblul de tineret din Mera<br \/>\n4.\tAnsamblul \u00d6rd\u00f6gt\u00e9rgye Ut\u00e1np\u00f3tl\u00e1s \u2013 dansuri ceang\u0103u din Moldova \u2013 muzic\u0103 de Istv\u00e1n Orendi \u0219i prietenii<br \/>\n5.\tAnsamblul de tineret din P\u0103latca  \u2013 muzic\u0103 de banda din P\u0103latca<br \/>\n6.\tAnsamblul de tineret din Sic<br \/>\n7.\tAnsamblul Zurbol\u00f3 Ut\u00e1np\u00f3tl\u00e1s \u2013 dansuri din regiunea Kalotaszeg<br \/>\n8.\tAnsamblul Szarkal\u00e1b \u2013 dansuri din M\u0103n\u0103stirea<br \/>\n9.\tAnsamblul Kal\u00e1ka din Gherla \u2013 dansuri din regiunea Mez\u0151s\u00e9g \u2013 f\u0103r\u0103 muzic\u0103 live<br \/>\n10.\tAnsamblul Napsug\u00e1r din Tg. Mure\u0219 \u2013 dansuri din Voivodeni \u2013 muzic\u0103 de Andr\u00e1s Sink\u00f3 \u0219i banda (Andr\u00e1s Sink\u00f3, Gyula Hunyadi B\u0151r \u0219i L\u00e1szl\u00f3 M\u00e1rton)<br \/>\n11.\tAnsamblul Mecsek din P\u00e9cs \u2013 muzic\u0103 de muzicieni proprii<br \/>\n12.\tAnsamblul Napsug\u00e1r din Tg. Mure\u0219 \u2013 muzic\u0103 de Andr\u00e1s Sink\u00f3 \u0219i banda (Andr\u00e1s Sink\u00f3, Gyula Hunyadi B\u0151r \u0219i L\u00e1szl\u00f3 M\u00e1rton)<br \/>\nDiscurs de felicitare de J\u00e1nos Moln\u00e1r, conductorul Ansamblului Mecsek.<br \/>\n13.\tAnsamblul Mecsek din P\u00e9cs \u2013 muzicieni proprii<br \/>\n14.\tAnsamblul \u00d6rd\u00f6gt\u00e9rgye \u2013 dansuri din Ozd<br \/>\n15.\tAnsamblul Mecsek din P\u00e9cs \u2013 T\u00f3t\u00e9k<br \/>\n16.\tAnsamblul Zurbol\u00f3 \u2013 Tollas Erzsi<\/p>","protected":false},"excerpt":{"rendered":"","protected":false},"author":1,"featured_media":2253,"comment_status":"open","ping_status":"open","sticky":false,"template":"","format":"standard","meta":{"_acf_changed":false,"footnotes":""},"categories":[2],"tags":[],"eloadok":[],"regio":[],"tancdialektus":[],"tanctipus":[],"zenetipus":[],"class_list":["post-3832","post","type-post","status-publish","format-standard","has-post-thumbnail","hentry","category-mozgokep"],"acf":[],"_links":{"self":[{"href":"https:\/\/folkmedia.neptanc.ro\/ro\/wp-json\/wp\/v2\/posts\/3832","targetHints":{"allow":["GET"]}}],"collection":[{"href":"https:\/\/folkmedia.neptanc.ro\/ro\/wp-json\/wp\/v2\/posts"}],"about":[{"href":"https:\/\/folkmedia.neptanc.ro\/ro\/wp-json\/wp\/v2\/types\/post"}],"author":[{"embeddable":true,"href":"https:\/\/folkmedia.neptanc.ro\/ro\/wp-json\/wp\/v2\/users\/1"}],"replies":[{"embeddable":true,"href":"https:\/\/folkmedia.neptanc.ro\/ro\/wp-json\/wp\/v2\/comments?post=3832"}],"version-history":[{"count":2,"href":"https:\/\/folkmedia.neptanc.ro\/ro\/wp-json\/wp\/v2\/posts\/3832\/revisions"}],"predecessor-version":[{"id":4529,"href":"https:\/\/folkmedia.neptanc.ro\/ro\/wp-json\/wp\/v2\/posts\/3832\/revisions\/4529"}],"wp:featuredmedia":[{"embeddable":true,"href":"https:\/\/folkmedia.neptanc.ro\/ro\/wp-json\/wp\/v2\/media\/2253"}],"wp:attachment":[{"href":"https:\/\/folkmedia.neptanc.ro\/ro\/wp-json\/wp\/v2\/media?parent=3832"}],"wp:term":[{"taxonomy":"category","embeddable":true,"href":"https:\/\/folkmedia.neptanc.ro\/ro\/wp-json\/wp\/v2\/categories?post=3832"},{"taxonomy":"post_tag","embeddable":true,"href":"https:\/\/folkmedia.neptanc.ro\/ro\/wp-json\/wp\/v2\/tags?post=3832"},{"taxonomy":"eloadok","embeddable":true,"href":"https:\/\/folkmedia.neptanc.ro\/ro\/wp-json\/wp\/v2\/eloadok?post=3832"},{"taxonomy":"regio","embeddable":true,"href":"https:\/\/folkmedia.neptanc.ro\/ro\/wp-json\/wp\/v2\/regio?post=3832"},{"taxonomy":"tancdialektus","embeddable":true,"href":"https:\/\/folkmedia.neptanc.ro\/ro\/wp-json\/wp\/v2\/tancdialektus?post=3832"},{"taxonomy":"tanctipus","embeddable":true,"href":"https:\/\/folkmedia.neptanc.ro\/ro\/wp-json\/wp\/v2\/tanctipus?post=3832"},{"taxonomy":"zenetipus","embeddable":true,"href":"https:\/\/folkmedia.neptanc.ro\/ro\/wp-json\/wp\/v2\/zenetipus?post=3832"}],"curies":[{"name":"wp","href":"https:\/\/api.w.org\/{rel}","templated":true}]}}