{"id":3811,"date":"2023-12-21T14:53:10","date_gmt":"2023-12-21T13:53:10","guid":{"rendered":"https:\/\/folkmedia.neptanc.ro\/mediatar\/felcsiki-mezosegi-es-szeki-tancok-001227\/"},"modified":"2023-12-21T14:53:10","modified_gmt":"2023-12-21T13:53:10","slug":"felcsiki-mezosegi-es-szeki-tancok-001227","status":"publish","type":"post","link":"https:\/\/folkmedia.neptanc.ro\/ro\/mediatar\/felcsiki-mezosegi-es-szeki-tancok-001227\/","title":{"rendered":"felcs\u00edki, mez\u0151s\u00e9gi \u00e9s sz\u00e9ki t\u00e1ncok [00:12:27]"},"content":{"rendered":"<p>Cas\u0103 de dans la Funda\u021bia T\u00e9ka &#8211; Festivalul de Dans \u0219i Muzic\u0103 din Gherla, ed. 7. Muzica este asigurat\u0103 de taraful S\u00f3vir\u00e1g \u0219i de M\u00e1rton Filep &#8222;Pali Marci&#8221; \u0219i banda din Sic.<\/p>","protected":false},"excerpt":{"rendered":"","protected":false},"author":1,"featured_media":2253,"comment_status":"open","ping_status":"open","sticky":false,"template":"","format":"standard","meta":{"_acf_changed":false,"footnotes":""},"categories":[2],"tags":[],"eloadok":[],"regio":[],"tancdialektus":[],"tanctipus":[],"zenetipus":[],"class_list":["post-3811","post","type-post","status-publish","format-standard","has-post-thumbnail","hentry","category-mozgokep"],"acf":[],"_links":{"self":[{"href":"https:\/\/folkmedia.neptanc.ro\/ro\/wp-json\/wp\/v2\/posts\/3811","targetHints":{"allow":["GET"]}}],"collection":[{"href":"https:\/\/folkmedia.neptanc.ro\/ro\/wp-json\/wp\/v2\/posts"}],"about":[{"href":"https:\/\/folkmedia.neptanc.ro\/ro\/wp-json\/wp\/v2\/types\/post"}],"author":[{"embeddable":true,"href":"https:\/\/folkmedia.neptanc.ro\/ro\/wp-json\/wp\/v2\/users\/1"}],"replies":[{"embeddable":true,"href":"https:\/\/folkmedia.neptanc.ro\/ro\/wp-json\/wp\/v2\/comments?post=3811"}],"version-history":[{"count":0,"href":"https:\/\/folkmedia.neptanc.ro\/ro\/wp-json\/wp\/v2\/posts\/3811\/revisions"}],"wp:featuredmedia":[{"embeddable":true,"href":"https:\/\/folkmedia.neptanc.ro\/ro\/wp-json\/wp\/v2\/media\/2253"}],"wp:attachment":[{"href":"https:\/\/folkmedia.neptanc.ro\/ro\/wp-json\/wp\/v2\/media?parent=3811"}],"wp:term":[{"taxonomy":"category","embeddable":true,"href":"https:\/\/folkmedia.neptanc.ro\/ro\/wp-json\/wp\/v2\/categories?post=3811"},{"taxonomy":"post_tag","embeddable":true,"href":"https:\/\/folkmedia.neptanc.ro\/ro\/wp-json\/wp\/v2\/tags?post=3811"},{"taxonomy":"eloadok","embeddable":true,"href":"https:\/\/folkmedia.neptanc.ro\/ro\/wp-json\/wp\/v2\/eloadok?post=3811"},{"taxonomy":"regio","embeddable":true,"href":"https:\/\/folkmedia.neptanc.ro\/ro\/wp-json\/wp\/v2\/regio?post=3811"},{"taxonomy":"tancdialektus","embeddable":true,"href":"https:\/\/folkmedia.neptanc.ro\/ro\/wp-json\/wp\/v2\/tancdialektus?post=3811"},{"taxonomy":"tanctipus","embeddable":true,"href":"https:\/\/folkmedia.neptanc.ro\/ro\/wp-json\/wp\/v2\/tanctipus?post=3811"},{"taxonomy":"zenetipus","embeddable":true,"href":"https:\/\/folkmedia.neptanc.ro\/ro\/wp-json\/wp\/v2\/zenetipus?post=3811"}],"curies":[{"name":"wp","href":"https:\/\/api.w.org\/{rel}","templated":true}]}}