{"id":3794,"date":"2023-12-21T14:52:42","date_gmt":"2023-12-21T13:52:42","guid":{"rendered":"https:\/\/folkmedia.neptanc.ro\/mediatar\/nyaradselyei-istvanyozas-karacsonyi-szent-istvan-koszonto-002458\/"},"modified":"2023-12-21T14:52:42","modified_gmt":"2023-12-21T13:52:42","slug":"nyaradselyei-istvanyozas-karacsonyi-szent-istvan-koszonto-002458","status":"publish","type":"post","link":"https:\/\/folkmedia.neptanc.ro\/ro\/mediatar\/nyaradselyei-istvanyozas-karacsonyi-szent-istvan-koszonto-002458\/","title":{"rendered":"ny\u00e1r\u00e1dselyei \u201eistv\u00e1nyoz\u00e1s\u201d \u2013 kar\u00e1csonyi Szent Istv\u00e1n k\u00f6sz\u00f6nt\u0151 [00:24:58]"},"content":{"rendered":"<p>tipul de muzic\u0103: din regiunea Ny\u00e1r\u00e1d mente<\/p>","protected":false},"excerpt":{"rendered":"","protected":false},"author":1,"featured_media":2251,"comment_status":"open","ping_status":"open","sticky":false,"template":"","format":"standard","meta":{"_acf_changed":false,"footnotes":""},"categories":[2],"tags":[],"eloadok":[3110,3111,3119,3112,3073,3122,3120,3109,3114,3116],"regio":[3729],"tancdialektus":[],"tanctipus":[],"zenetipus":[3731],"class_list":["post-3794","post","type-post","status-publish","format-standard","has-post-thumbnail","hentry","category-mozgokep","eloadok-demeter-beni","eloadok-forrai-jozsef","eloadok-forrai-mihaly","eloadok-fulop-laszlo","eloadok-ivacson-laszlo","eloadok-jano-tibor","eloadok-kacso-karoly","eloadok-kalanyos-janos","eloadok-siklodi-tamas","eloadok-szavuly-sandor","regio-nyarad-mente","zenetipus-nyarad-menti"],"acf":[],"_links":{"self":[{"href":"https:\/\/folkmedia.neptanc.ro\/ro\/wp-json\/wp\/v2\/posts\/3794","targetHints":{"allow":["GET"]}}],"collection":[{"href":"https:\/\/folkmedia.neptanc.ro\/ro\/wp-json\/wp\/v2\/posts"}],"about":[{"href":"https:\/\/folkmedia.neptanc.ro\/ro\/wp-json\/wp\/v2\/types\/post"}],"author":[{"embeddable":true,"href":"https:\/\/folkmedia.neptanc.ro\/ro\/wp-json\/wp\/v2\/users\/1"}],"replies":[{"embeddable":true,"href":"https:\/\/folkmedia.neptanc.ro\/ro\/wp-json\/wp\/v2\/comments?post=3794"}],"version-history":[{"count":0,"href":"https:\/\/folkmedia.neptanc.ro\/ro\/wp-json\/wp\/v2\/posts\/3794\/revisions"}],"wp:featuredmedia":[{"embeddable":true,"href":"https:\/\/folkmedia.neptanc.ro\/ro\/wp-json\/wp\/v2\/media\/2251"}],"wp:attachment":[{"href":"https:\/\/folkmedia.neptanc.ro\/ro\/wp-json\/wp\/v2\/media?parent=3794"}],"wp:term":[{"taxonomy":"category","embeddable":true,"href":"https:\/\/folkmedia.neptanc.ro\/ro\/wp-json\/wp\/v2\/categories?post=3794"},{"taxonomy":"post_tag","embeddable":true,"href":"https:\/\/folkmedia.neptanc.ro\/ro\/wp-json\/wp\/v2\/tags?post=3794"},{"taxonomy":"eloadok","embeddable":true,"href":"https:\/\/folkmedia.neptanc.ro\/ro\/wp-json\/wp\/v2\/eloadok?post=3794"},{"taxonomy":"regio","embeddable":true,"href":"https:\/\/folkmedia.neptanc.ro\/ro\/wp-json\/wp\/v2\/regio?post=3794"},{"taxonomy":"tancdialektus","embeddable":true,"href":"https:\/\/folkmedia.neptanc.ro\/ro\/wp-json\/wp\/v2\/tancdialektus?post=3794"},{"taxonomy":"tanctipus","embeddable":true,"href":"https:\/\/folkmedia.neptanc.ro\/ro\/wp-json\/wp\/v2\/tanctipus?post=3794"},{"taxonomy":"zenetipus","embeddable":true,"href":"https:\/\/folkmedia.neptanc.ro\/ro\/wp-json\/wp\/v2\/zenetipus?post=3794"}],"curies":[{"name":"wp","href":"https:\/\/api.w.org\/{rel}","templated":true}]}}