{"id":3424,"count":2,"description":"1932.07.09","link":"https:\/\/folkmedia.neptanc.ro\/ro\/eloadok\/laszlo-janos\/","name":"L\u00e1szl\u00f3 J\u00e1nos","slug":"laszlo-janos","taxonomy":"eloadok","meta":[],"acf":[],"_links":{"self":[{"href":"https:\/\/folkmedia.neptanc.ro\/ro\/wp-json\/wp\/v2\/eloadok\/3424","targetHints":{"allow":["GET"]}}],"collection":[{"href":"https:\/\/folkmedia.neptanc.ro\/ro\/wp-json\/wp\/v2\/eloadok"}],"about":[{"href":"https:\/\/folkmedia.neptanc.ro\/ro\/wp-json\/wp\/v2\/taxonomies\/eloadok"}],"wp:post_type":[{"href":"https:\/\/folkmedia.neptanc.ro\/ro\/wp-json\/wp\/v2\/posts?eloadok=3424"}],"curies":[{"name":"wp","href":"https:\/\/api.w.org\/{rel}","templated":true}]}}