{"id":3299,"count":3,"description":"Sz\u00fcl. 1976.09.26.","link":"https:\/\/folkmedia.neptanc.ro\/ro\/eloadok\/karda-mathe-emoke\/","name":"Karda (M\u00e1th\u00e9) Em\u0151ke","slug":"karda-mathe-emoke","taxonomy":"eloadok","meta":[],"acf":[],"_links":{"self":[{"href":"https:\/\/folkmedia.neptanc.ro\/ro\/wp-json\/wp\/v2\/eloadok\/3299","targetHints":{"allow":["GET"]}}],"collection":[{"href":"https:\/\/folkmedia.neptanc.ro\/ro\/wp-json\/wp\/v2\/eloadok"}],"about":[{"href":"https:\/\/folkmedia.neptanc.ro\/ro\/wp-json\/wp\/v2\/taxonomies\/eloadok"}],"wp:post_type":[{"href":"https:\/\/folkmedia.neptanc.ro\/ro\/wp-json\/wp\/v2\/posts?eloadok=3299"}],"curies":[{"name":"wp","href":"https:\/\/api.w.org\/{rel}","templated":true}]}}