{"id":2890,"count":5,"description":"Szab\u00f3 \u00c1rp\u00e1d sz\u00fcl. 1919. szept. 25-\u00e9n.","link":"https:\/\/folkmedia.neptanc.ro\/ro\/eloadok\/szabo-arpad\/","name":"Szab\u00f3 \u00c1rp\u00e1d","slug":"szabo-arpad","taxonomy":"eloadok","meta":[],"acf":[],"_links":{"self":[{"href":"https:\/\/folkmedia.neptanc.ro\/ro\/wp-json\/wp\/v2\/eloadok\/2890","targetHints":{"allow":["GET"]}}],"collection":[{"href":"https:\/\/folkmedia.neptanc.ro\/ro\/wp-json\/wp\/v2\/eloadok"}],"about":[{"href":"https:\/\/folkmedia.neptanc.ro\/ro\/wp-json\/wp\/v2\/taxonomies\/eloadok"}],"wp:post_type":[{"href":"https:\/\/folkmedia.neptanc.ro\/ro\/wp-json\/wp\/v2\/posts?eloadok=2890"}],"curies":[{"name":"wp","href":"https:\/\/api.w.org\/{rel}","templated":true}]}}