{"id":3689,"count":13,"description":"","link":"https:\/\/folkmedia.neptanc.ro\/en\/mediatar\/zenetipus\/maros-kukullo-menti\/","name":"Maros-K\u00fck\u00fcll\u0151 menti","slug":"maros-kukullo-menti","taxonomy":"zenetipus","meta":[],"acf":[],"_links":{"self":[{"href":"https:\/\/folkmedia.neptanc.ro\/en\/wp-json\/wp\/v2\/zenetipus\/3689","targetHints":{"allow":["GET"]}}],"collection":[{"href":"https:\/\/folkmedia.neptanc.ro\/en\/wp-json\/wp\/v2\/zenetipus"}],"about":[{"href":"https:\/\/folkmedia.neptanc.ro\/en\/wp-json\/wp\/v2\/taxonomies\/zenetipus"}],"wp:post_type":[{"href":"https:\/\/folkmedia.neptanc.ro\/en\/wp-json\/wp\/v2\/posts?zenetipus=3689"}],"curies":[{"name":"wp","href":"https:\/\/api.w.org\/{rel}","templated":true}]}}