{"id":4212,"date":"2023-12-21T15:02:05","date_gmt":"2023-12-21T14:02:05","guid":{"rendered":"https:\/\/folkmedia.neptanc.ro\/mediatar\/erdely-menyegzo-revival-jellegu-musor-012955\/"},"modified":"2023-12-21T15:23:09","modified_gmt":"2023-12-21T14:23:09","slug":"erdely-menyegzo-revival-jellegu-musor-012955","status":"publish","type":"post","link":"https:\/\/folkmedia.neptanc.ro\/en\/mediatar\/erdely-menyegzo-revival-jellegu-musor-012955\/","title":{"rendered":"Erd\u00e9ly-menyegz\u0151 &#8211; revival jelleg\u0171 m\u0171sor [01:29:55]"},"content":{"rendered":"<p>A Heveder \u00e9s a H\u00e1romsz\u00e9k T\u00e1ncegy\u00fcttes k\u00f6z\u00f6s el\u0151ad\u00e1sa, Rendez\u0151: Mih\u00e1lyi G\u00e1bor<br \/>\nTartalom: t\u00e1nc (n\u00e9pt\u00e1nc), zene (n\u00e9pzene)<br \/>\nGy\u0171jt\u0151: Iv\u00e1cson L\u00e1szl\u00f3<\/p>","protected":false},"excerpt":{"rendered":"","protected":false},"author":1,"featured_media":2273,"comment_status":"open","ping_status":"open","sticky":false,"template":"","format":"standard","meta":{"_acf_changed":false,"footnotes":""},"categories":[2],"tags":[],"eloadok":[],"regio":[],"tancdialektus":[],"tanctipus":[],"zenetipus":[],"class_list":["post-4212","post","type-post","status-publish","format-standard","has-post-thumbnail","hentry","category-mozgokep"],"acf":[],"_links":{"self":[{"href":"https:\/\/folkmedia.neptanc.ro\/en\/wp-json\/wp\/v2\/posts\/4212","targetHints":{"allow":["GET"]}}],"collection":[{"href":"https:\/\/folkmedia.neptanc.ro\/en\/wp-json\/wp\/v2\/posts"}],"about":[{"href":"https:\/\/folkmedia.neptanc.ro\/en\/wp-json\/wp\/v2\/types\/post"}],"author":[{"embeddable":true,"href":"https:\/\/folkmedia.neptanc.ro\/en\/wp-json\/wp\/v2\/users\/1"}],"replies":[{"embeddable":true,"href":"https:\/\/folkmedia.neptanc.ro\/en\/wp-json\/wp\/v2\/comments?post=4212"}],"version-history":[{"count":2,"href":"https:\/\/folkmedia.neptanc.ro\/en\/wp-json\/wp\/v2\/posts\/4212\/revisions"}],"predecessor-version":[{"id":4219,"href":"https:\/\/folkmedia.neptanc.ro\/en\/wp-json\/wp\/v2\/posts\/4212\/revisions\/4219"}],"wp:featuredmedia":[{"embeddable":true,"href":"https:\/\/folkmedia.neptanc.ro\/en\/wp-json\/wp\/v2\/media\/2273"}],"wp:attachment":[{"href":"https:\/\/folkmedia.neptanc.ro\/en\/wp-json\/wp\/v2\/media?parent=4212"}],"wp:term":[{"taxonomy":"category","embeddable":true,"href":"https:\/\/folkmedia.neptanc.ro\/en\/wp-json\/wp\/v2\/categories?post=4212"},{"taxonomy":"post_tag","embeddable":true,"href":"https:\/\/folkmedia.neptanc.ro\/en\/wp-json\/wp\/v2\/tags?post=4212"},{"taxonomy":"eloadok","embeddable":true,"href":"https:\/\/folkmedia.neptanc.ro\/en\/wp-json\/wp\/v2\/eloadok?post=4212"},{"taxonomy":"regio","embeddable":true,"href":"https:\/\/folkmedia.neptanc.ro\/en\/wp-json\/wp\/v2\/regio?post=4212"},{"taxonomy":"tancdialektus","embeddable":true,"href":"https:\/\/folkmedia.neptanc.ro\/en\/wp-json\/wp\/v2\/tancdialektus?post=4212"},{"taxonomy":"tanctipus","embeddable":true,"href":"https:\/\/folkmedia.neptanc.ro\/en\/wp-json\/wp\/v2\/tanctipus?post=4212"},{"taxonomy":"zenetipus","embeddable":true,"href":"https:\/\/folkmedia.neptanc.ro\/en\/wp-json\/wp\/v2\/zenetipus?post=4212"}],"curies":[{"name":"wp","href":"https:\/\/api.w.org\/{rel}","templated":true}]}}