{"id":4063,"date":"2023-12-21T14:58:47","date_gmt":"2023-12-21T13:58:47","guid":{"rendered":"https:\/\/folkmedia.neptanc.ro\/mediatar\/szaszcsavasi-es-vajdaszentivanyi-zene-tancok-013203\/"},"modified":"2023-12-21T17:07:45","modified_gmt":"2023-12-21T16:07:45","slug":"szaszcsavasi-es-vajdaszentivanyi-zene-tancok-013203","status":"publish","type":"post","link":"https:\/\/folkmedia.neptanc.ro\/en\/mediatar\/szaszcsavasi-es-vajdaszentivanyi-zene-tancok-013203\/","title":{"rendered":"sz\u00e1szcs\u00e1v\u00e1si \u00e9s vajdaszentiv\u00e1nyi zene, t\u00e1ncok [01:32:03]"},"content":{"rendered":"<p>The recording was made on the Gala of the II. Folk Dance and Music Festival.<\/p>","protected":false},"excerpt":{"rendered":"","protected":false},"author":1,"featured_media":2218,"comment_status":"open","ping_status":"open","sticky":false,"template":"","format":"standard","meta":{"_acf_changed":false,"footnotes":""},"categories":[2],"tags":[],"eloadok":[3212,3211,2995,2994,2992,2996,2993],"regio":[],"tancdialektus":[],"tanctipus":[],"zenetipus":[],"class_list":["post-4063","post","type-post","status-publish","format-standard","has-post-thumbnail","hentry","category-mozgokep","eloadok-haromszek-tancegyuttes","eloadok-jambor-istvan-dumnyezo","eloadok-madarasan-biro-judit","eloadok-madarasan-tordai-dumitru-mitika","eloadok-mezo-palko-istvan","eloadok-rosu-augustin","eloadok-tordai-edit"],"acf":[],"_links":{"self":[{"href":"https:\/\/folkmedia.neptanc.ro\/en\/wp-json\/wp\/v2\/posts\/4063","targetHints":{"allow":["GET"]}}],"collection":[{"href":"https:\/\/folkmedia.neptanc.ro\/en\/wp-json\/wp\/v2\/posts"}],"about":[{"href":"https:\/\/folkmedia.neptanc.ro\/en\/wp-json\/wp\/v2\/types\/post"}],"author":[{"embeddable":true,"href":"https:\/\/folkmedia.neptanc.ro\/en\/wp-json\/wp\/v2\/users\/1"}],"replies":[{"embeddable":true,"href":"https:\/\/folkmedia.neptanc.ro\/en\/wp-json\/wp\/v2\/comments?post=4063"}],"version-history":[{"count":2,"href":"https:\/\/folkmedia.neptanc.ro\/en\/wp-json\/wp\/v2\/posts\/4063\/revisions"}],"predecessor-version":[{"id":4311,"href":"https:\/\/folkmedia.neptanc.ro\/en\/wp-json\/wp\/v2\/posts\/4063\/revisions\/4311"}],"wp:featuredmedia":[{"embeddable":true,"href":"https:\/\/folkmedia.neptanc.ro\/en\/wp-json\/wp\/v2\/media\/2218"}],"wp:attachment":[{"href":"https:\/\/folkmedia.neptanc.ro\/en\/wp-json\/wp\/v2\/media?parent=4063"}],"wp:term":[{"taxonomy":"category","embeddable":true,"href":"https:\/\/folkmedia.neptanc.ro\/en\/wp-json\/wp\/v2\/categories?post=4063"},{"taxonomy":"post_tag","embeddable":true,"href":"https:\/\/folkmedia.neptanc.ro\/en\/wp-json\/wp\/v2\/tags?post=4063"},{"taxonomy":"eloadok","embeddable":true,"href":"https:\/\/folkmedia.neptanc.ro\/en\/wp-json\/wp\/v2\/eloadok?post=4063"},{"taxonomy":"regio","embeddable":true,"href":"https:\/\/folkmedia.neptanc.ro\/en\/wp-json\/wp\/v2\/regio?post=4063"},{"taxonomy":"tancdialektus","embeddable":true,"href":"https:\/\/folkmedia.neptanc.ro\/en\/wp-json\/wp\/v2\/tancdialektus?post=4063"},{"taxonomy":"tanctipus","embeddable":true,"href":"https:\/\/folkmedia.neptanc.ro\/en\/wp-json\/wp\/v2\/tanctipus?post=4063"},{"taxonomy":"zenetipus","embeddable":true,"href":"https:\/\/folkmedia.neptanc.ro\/en\/wp-json\/wp\/v2\/zenetipus?post=4063"}],"curies":[{"name":"wp","href":"https:\/\/api.w.org\/{rel}","templated":true}]}}