{"id":4055,"date":"2023-12-21T14:58:47","date_gmt":"2023-12-21T13:58:47","guid":{"rendered":"https:\/\/folkmedia.neptanc.ro\/mediatar\/viii-nepzene-es-neptanc-talalkozo-galamusora-014657\/"},"modified":"2023-12-21T17:10:27","modified_gmt":"2023-12-21T16:10:27","slug":"viii-nepzene-es-neptanc-talalkozo-galamusora-014657","status":"publish","type":"post","link":"https:\/\/folkmedia.neptanc.ro\/en\/mediatar\/viii-nepzene-es-neptanc-talalkozo-galamusora-014657\/","title":{"rendered":"VIII. N\u00e9pzene \u00e9s N\u00e9pt\u00e1nc Tal\u00e1lkoz\u00f3 G\u00e1lam\u0171sora [01:46:57]"},"content":{"rendered":"<p>I. PART:<br \/>\n&#8211; Tim\u00e1r Kamara Ensemble and Csillagszem\u0171 Ensemble from Budapest<br \/>\n(Csillagszem\u0171 Ensemble: dances from Zempl\u00e9ny \/ Tim\u00e1r Kamara Ensemble: dances from Voivodeni)<br \/>\n&#8211; informants from Moldova Region (Pustina)<br \/>\n&#8211; \u00dcszt\u00fcr\u00fc band: music from Ceua\u0219<br \/>\n&#8211; dances from \u00d6rk\u0151  &#8211; dance by H\u00e1romsz\u00e9k Dance Ensemble, informants from \u00d6rk\u0151 and from Vi\u0219ea<\/p>","protected":false},"excerpt":{"rendered":"","protected":false},"author":1,"featured_media":2174,"comment_status":"open","ping_status":"open","sticky":false,"template":"","format":"standard","meta":{"_acf_changed":false,"footnotes":""},"categories":[2],"tags":[],"eloadok":[3398,3406,3431,3430,3407,3426,3425,3145,3141,3413,3614,3411,2904,3428,3429,3417,3416,3397,3403,3421,3424,3418,3613,3402,3400,3399,3401,3420,3423,3072,3410,3408,3409,3412,3405,3404,3415,3422,3427,3419,3414],"regio":[],"tancdialektus":[],"tanctipus":[],"zenetipus":[],"class_list":["post-4055","post","type-post","status-publish","format-standard","has-post-thumbnail","hentry","category-mozgokep","eloadok-fodor-papp-sara","eloadok-fodor-erzsebet","eloadok-fodor-janos","eloadok-fodor-maria","eloadok-fodor-miklos","eloadok-imre-antal","eloadok-imre-janos","eloadok-kis-mehesi-erzsebet","eloadok-kiss-papp-sara","eloadok-kiss-sandor-csaszar","eloadok-kiss-zoltan-2","eloadok-kiss-zoltan","eloadok-konczei-arpad","eloadok-laslau-ioja","eloadok-laslau-paraschiva","eloadok-laszlo-kiss-erzsebet","eloadok-laszlo-laczko-gyorgy-katalin","eloadok-laszlo-lovasz-zsuzsanna","eloadok-laszlo-papp-etelka","eloadok-laszlo-petrike-margit","eloadok-laszlo-janos","eloadok-laszlo-jozsef","eloadok-laszlo-sandor-2","eloadok-lovasz-mehesi-agnes","eloadok-lovasz-papp-agnes","eloadok-lovasz-ferenc","eloadok-lovasz-janos","eloadok-muzsikas-becze-tinka","eloadok-nistor-casap-ilona","eloadok-orza-calin","eloadok-papp-fodor-tunde","eloadok-papp-ferenc-szasz","eloadok-papp-jozsef-erno","eloadok-papp-julia","eloadok-papp-samuel","eloadok-papp-sara","eloadok-paun-vasile","eloadok-scripcaru-laczko-maria","eloadok-stan-gheorghe","eloadok-szocs-pilibok-ica","eloadok-teodor-bogdan"],"acf":[],"_links":{"self":[{"href":"https:\/\/folkmedia.neptanc.ro\/en\/wp-json\/wp\/v2\/posts\/4055","targetHints":{"allow":["GET"]}}],"collection":[{"href":"https:\/\/folkmedia.neptanc.ro\/en\/wp-json\/wp\/v2\/posts"}],"about":[{"href":"https:\/\/folkmedia.neptanc.ro\/en\/wp-json\/wp\/v2\/types\/post"}],"author":[{"embeddable":true,"href":"https:\/\/folkmedia.neptanc.ro\/en\/wp-json\/wp\/v2\/users\/1"}],"replies":[{"embeddable":true,"href":"https:\/\/folkmedia.neptanc.ro\/en\/wp-json\/wp\/v2\/comments?post=4055"}],"version-history":[{"count":2,"href":"https:\/\/folkmedia.neptanc.ro\/en\/wp-json\/wp\/v2\/posts\/4055\/revisions"}],"predecessor-version":[{"id":4327,"href":"https:\/\/folkmedia.neptanc.ro\/en\/wp-json\/wp\/v2\/posts\/4055\/revisions\/4327"}],"wp:featuredmedia":[{"embeddable":true,"href":"https:\/\/folkmedia.neptanc.ro\/en\/wp-json\/wp\/v2\/media\/2174"}],"wp:attachment":[{"href":"https:\/\/folkmedia.neptanc.ro\/en\/wp-json\/wp\/v2\/media?parent=4055"}],"wp:term":[{"taxonomy":"category","embeddable":true,"href":"https:\/\/folkmedia.neptanc.ro\/en\/wp-json\/wp\/v2\/categories?post=4055"},{"taxonomy":"post_tag","embeddable":true,"href":"https:\/\/folkmedia.neptanc.ro\/en\/wp-json\/wp\/v2\/tags?post=4055"},{"taxonomy":"eloadok","embeddable":true,"href":"https:\/\/folkmedia.neptanc.ro\/en\/wp-json\/wp\/v2\/eloadok?post=4055"},{"taxonomy":"regio","embeddable":true,"href":"https:\/\/folkmedia.neptanc.ro\/en\/wp-json\/wp\/v2\/regio?post=4055"},{"taxonomy":"tancdialektus","embeddable":true,"href":"https:\/\/folkmedia.neptanc.ro\/en\/wp-json\/wp\/v2\/tancdialektus?post=4055"},{"taxonomy":"tanctipus","embeddable":true,"href":"https:\/\/folkmedia.neptanc.ro\/en\/wp-json\/wp\/v2\/tanctipus?post=4055"},{"taxonomy":"zenetipus","embeddable":true,"href":"https:\/\/folkmedia.neptanc.ro\/en\/wp-json\/wp\/v2\/zenetipus?post=4055"}],"curies":[{"name":"wp","href":"https:\/\/api.w.org\/{rel}","templated":true}]}}