{"id":4031,"date":"2023-12-21T14:57:40","date_gmt":"2023-12-21T13:57:40","guid":{"rendered":"https:\/\/folkmedia.neptanc.ro\/mediatar\/revival-jellegu-musor-moldvai-kalotaszegi-szatmari-felcsiki-mezosegi-kukullo-menti-magyarpalatkai-tancok-014715\/"},"modified":"2023-12-21T17:19:20","modified_gmt":"2023-12-21T16:19:20","slug":"revival-jellegu-musor-moldvai-kalotaszegi-szatmari-felcsiki-mezosegi-kukullo-menti-magyarpalatkai-tancok-014715","status":"publish","type":"post","link":"https:\/\/folkmedia.neptanc.ro\/en\/mediatar\/revival-jellegu-musor-moldvai-kalotaszegi-szatmari-felcsiki-mezosegi-kukullo-menti-magyarpalatkai-tancok-014715\/","title":{"rendered":"revival jelleg\u0171 m\u0171sor &#8211; moldvai, kalotaszegi, szatm\u00e1ri, felcs\u00edki, mez\u0151s\u00e9gi, K\u00fck\u00fcll\u0151-menti, magyarpalatkai t\u00e1ncok [01:47:15]"},"content":{"rendered":"<p>\u2022\tBurusny\u00e1n Ensemble (Ghelin\u021ba): dances from Moldova,<br \/>\n\u2022\tP\u00e1sztort\u0171z Ensemble (B\u0103\u021banii Mari): dances from C\u0103lata region,<br \/>\n\u2022\tBatyus Ensemble (Sf\u00e2ntu Gheorghe): dances from Satu Mare region,<br \/>\n\u2022\tTiszt\u00e1s and Tiszt\u00e1cska Ensemble (Poian): dances from Ciucul de Sus and C\u00e2mpia Transilvaniei region,<br \/>\n\u2022\tpremian\u021bii &#8222;Tiszta forr\u00e1s&#8221; &#8211; singing chategory,<br \/>\n\u2022\tDob\u00f3 Ensemble (Filia): dances from Mure\u0219-T\u00e2rnave region,<br \/>\n\u2022\tthe dance ensemble of Liceului Teoretic \u201dSz\u00e9kely Mik\u00f3\u201d (Sf\u00e2ntu Gheorghe): dances from P\u0103latca<br \/>\n\u2022\tCsillagk\u00f6vet\u0151k Ensemble (Sf\u00e2ntu Gheorghe): dances from Satu Mare region,<br \/>\n\u2022\tSz\u00e1zl\u00e1b\u00fa Ensemble (Sf\u00e2ntu Gheorghe): dances from C\u0103lata region.<br \/>\nThe recording has been made on the XXVI. Folk Dance and Music Festival.<\/p>","protected":false},"excerpt":{"rendered":"","protected":false},"author":1,"featured_media":2072,"comment_status":"open","ping_status":"open","sticky":false,"template":"","format":"standard","meta":{"_acf_changed":false,"footnotes":""},"categories":[2],"tags":[],"eloadok":[3073],"regio":[],"tancdialektus":[],"tanctipus":[],"zenetipus":[],"class_list":["post-4031","post","type-post","status-publish","format-standard","has-post-thumbnail","hentry","category-mozgokep","eloadok-ivacson-laszlo"],"acf":[],"_links":{"self":[{"href":"https:\/\/folkmedia.neptanc.ro\/en\/wp-json\/wp\/v2\/posts\/4031","targetHints":{"allow":["GET"]}}],"collection":[{"href":"https:\/\/folkmedia.neptanc.ro\/en\/wp-json\/wp\/v2\/posts"}],"about":[{"href":"https:\/\/folkmedia.neptanc.ro\/en\/wp-json\/wp\/v2\/types\/post"}],"author":[{"embeddable":true,"href":"https:\/\/folkmedia.neptanc.ro\/en\/wp-json\/wp\/v2\/users\/1"}],"replies":[{"embeddable":true,"href":"https:\/\/folkmedia.neptanc.ro\/en\/wp-json\/wp\/v2\/comments?post=4031"}],"version-history":[{"count":2,"href":"https:\/\/folkmedia.neptanc.ro\/en\/wp-json\/wp\/v2\/posts\/4031\/revisions"}],"predecessor-version":[{"id":4375,"href":"https:\/\/folkmedia.neptanc.ro\/en\/wp-json\/wp\/v2\/posts\/4031\/revisions\/4375"}],"wp:featuredmedia":[{"embeddable":true,"href":"https:\/\/folkmedia.neptanc.ro\/en\/wp-json\/wp\/v2\/media\/2072"}],"wp:attachment":[{"href":"https:\/\/folkmedia.neptanc.ro\/en\/wp-json\/wp\/v2\/media?parent=4031"}],"wp:term":[{"taxonomy":"category","embeddable":true,"href":"https:\/\/folkmedia.neptanc.ro\/en\/wp-json\/wp\/v2\/categories?post=4031"},{"taxonomy":"post_tag","embeddable":true,"href":"https:\/\/folkmedia.neptanc.ro\/en\/wp-json\/wp\/v2\/tags?post=4031"},{"taxonomy":"eloadok","embeddable":true,"href":"https:\/\/folkmedia.neptanc.ro\/en\/wp-json\/wp\/v2\/eloadok?post=4031"},{"taxonomy":"regio","embeddable":true,"href":"https:\/\/folkmedia.neptanc.ro\/en\/wp-json\/wp\/v2\/regio?post=4031"},{"taxonomy":"tancdialektus","embeddable":true,"href":"https:\/\/folkmedia.neptanc.ro\/en\/wp-json\/wp\/v2\/tancdialektus?post=4031"},{"taxonomy":"tanctipus","embeddable":true,"href":"https:\/\/folkmedia.neptanc.ro\/en\/wp-json\/wp\/v2\/tanctipus?post=4031"},{"taxonomy":"zenetipus","embeddable":true,"href":"https:\/\/folkmedia.neptanc.ro\/en\/wp-json\/wp\/v2\/zenetipus?post=4031"}],"curies":[{"name":"wp","href":"https:\/\/api.w.org\/{rel}","templated":true}]}}