{"id":4028,"date":"2023-12-21T14:57:40","date_gmt":"2023-12-21T13:57:40","guid":{"rendered":"https:\/\/folkmedia.neptanc.ro\/mediatar\/xxvii-nepzene-es-neptanc-talalkozo-galamusora-012107\/"},"modified":"2023-12-21T17:20:25","modified_gmt":"2023-12-21T16:20:25","slug":"xxvii-nepzene-es-neptanc-talalkozo-galamusora-012107","status":"publish","type":"post","link":"https:\/\/folkmedia.neptanc.ro\/en\/mediatar\/xxvii-nepzene-es-neptanc-talalkozo-galamusora-012107\/","title":{"rendered":"XXVII. N\u00e9pzene \u00e9s N\u00e9pt\u00e1nc Tal\u00e1lkoz\u00f3 G\u00e1lam\u0171sora [01:21:07]"},"content":{"rendered":"<p>The recording has been made on the Gala of the XXVII. Folk Dance and Music Festival. The invited performers came from Valea Ungura\u0219ului, S\u00e2ndominic and Suatu. Music by Heveder band.<\/p>","protected":false},"excerpt":{"rendered":"","protected":false},"author":1,"featured_media":2017,"comment_status":"open","ping_status":"open","sticky":false,"template":"","format":"standard","meta":{"_acf_changed":false,"footnotes":""},"categories":[2],"tags":[],"eloadok":[3297,3296,3293,3287,2960,2959,3300,3073,3303,3299,3298,3302,3292,3301,3288,3295,3291,3294,3290,3286,3289],"regio":[],"tancdialektus":[],"tanctipus":[],"zenetipus":[],"class_list":["post-4028","post","type-post","status-publish","format-standard","has-post-thumbnail","hentry","category-mozgokep","eloadok-bara-bacs-magdolna","eloadok-bara-endre","eloadok-cornea-otilia","eloadok-cornel-gheorghe","eloadok-csete-szekely-anna","eloadok-csete-istvan","eloadok-horvath-istvan","eloadok-ivacson-laszlo","eloadok-kadar-dezso","eloadok-karda-mathe-emoke","eloadok-karda-laszlo","eloadok-kovacs-dezso-anna","eloadok-moldovan-danut","eloadok-nagy-zsofia","eloadok-pintea-ilca-viorica","eloadok-ploscar-florica","eloadok-ploscar-veronica","eloadok-ploscar-viorel","eloadok-pop-dinu","eloadok-sfatul-ilca-maria","eloadok-zegrean-adrian"],"acf":[],"_links":{"self":[{"href":"https:\/\/folkmedia.neptanc.ro\/en\/wp-json\/wp\/v2\/posts\/4028","targetHints":{"allow":["GET"]}}],"collection":[{"href":"https:\/\/folkmedia.neptanc.ro\/en\/wp-json\/wp\/v2\/posts"}],"about":[{"href":"https:\/\/folkmedia.neptanc.ro\/en\/wp-json\/wp\/v2\/types\/post"}],"author":[{"embeddable":true,"href":"https:\/\/folkmedia.neptanc.ro\/en\/wp-json\/wp\/v2\/users\/1"}],"replies":[{"embeddable":true,"href":"https:\/\/folkmedia.neptanc.ro\/en\/wp-json\/wp\/v2\/comments?post=4028"}],"version-history":[{"count":2,"href":"https:\/\/folkmedia.neptanc.ro\/en\/wp-json\/wp\/v2\/posts\/4028\/revisions"}],"predecessor-version":[{"id":4381,"href":"https:\/\/folkmedia.neptanc.ro\/en\/wp-json\/wp\/v2\/posts\/4028\/revisions\/4381"}],"wp:featuredmedia":[{"embeddable":true,"href":"https:\/\/folkmedia.neptanc.ro\/en\/wp-json\/wp\/v2\/media\/2017"}],"wp:attachment":[{"href":"https:\/\/folkmedia.neptanc.ro\/en\/wp-json\/wp\/v2\/media?parent=4028"}],"wp:term":[{"taxonomy":"category","embeddable":true,"href":"https:\/\/folkmedia.neptanc.ro\/en\/wp-json\/wp\/v2\/categories?post=4028"},{"taxonomy":"post_tag","embeddable":true,"href":"https:\/\/folkmedia.neptanc.ro\/en\/wp-json\/wp\/v2\/tags?post=4028"},{"taxonomy":"eloadok","embeddable":true,"href":"https:\/\/folkmedia.neptanc.ro\/en\/wp-json\/wp\/v2\/eloadok?post=4028"},{"taxonomy":"regio","embeddable":true,"href":"https:\/\/folkmedia.neptanc.ro\/en\/wp-json\/wp\/v2\/regio?post=4028"},{"taxonomy":"tancdialektus","embeddable":true,"href":"https:\/\/folkmedia.neptanc.ro\/en\/wp-json\/wp\/v2\/tancdialektus?post=4028"},{"taxonomy":"tanctipus","embeddable":true,"href":"https:\/\/folkmedia.neptanc.ro\/en\/wp-json\/wp\/v2\/tanctipus?post=4028"},{"taxonomy":"zenetipus","embeddable":true,"href":"https:\/\/folkmedia.neptanc.ro\/en\/wp-json\/wp\/v2\/zenetipus?post=4028"}],"curies":[{"name":"wp","href":"https:\/\/api.w.org\/{rel}","templated":true}]}}