{"id":4024,"date":"2023-12-21T14:57:40","date_gmt":"2023-12-21T13:57:40","guid":{"rendered":"https:\/\/folkmedia.neptanc.ro\/mediatar\/dvd-kollekcio-magyarszentbenedek-szaszcsavas-003620\/"},"modified":"2023-12-21T17:22:03","modified_gmt":"2023-12-21T16:22:03","slug":"dvd-kollekcio-magyarszentbenedek-szaszcsavas-003620","status":"publish","type":"post","link":"https:\/\/folkmedia.neptanc.ro\/en\/mediatar\/dvd-kollekcio-magyarszentbenedek-szaszcsavas-003620\/","title":{"rendered":"DVD kollekci\u00f3: Magyarszentbenedek, Sz\u00e1szcs\u00e1v\u00e1s [00:36:20]"},"content":{"rendered":"<p>Stage recordings:<br \/>\n1.\tDances from S\u00e2nbenedic<br \/>\n\u2022\t\u201dSzeg\u00e9nyes\u201d, \u201dpontoz\u00f3\u201d, \u201dcs\u00e1rd\u00e1s\u201d, \u201dsz\u00f6k\u0151\u201d<br \/>\n\u2022\t\u201dSzeg\u00e9nyes\u201d, \u201dpontoz\u00f3\u201d<br \/>\n2.\t\u201dCs\u00e1rd\u00e1s\u201d from S\u00e2nbenedic<br \/>\n3.\tDances from Ceua\u0219 (Ferenc \u201eCs\u00e1ng\u00e1l\u00f3\u201d Mezei)<br \/>\n\u2022\tViola features for \u201dpontoz\u00f3\u201d and \u201dgyorscs\u00e1rd\u00e1s\u201d<br \/>\n\u2022\t\u201dPontoz\u00f3\u201d<br \/>\n4.\t\u201dVerbunk\u201d (Ferenc \u201eCs\u00e1ng\u00e1l\u00f3\u201d Mezei)<br \/>\n5.\t\u201dHuta\u010fi\u201d (Istv\u00e1n \u201eDumnyez\u00f3\u201d J\u00e1mbor)<br \/>\n6.\t\u201dPonturi.Huta\u010fi\u201d (M\u00e1ty\u00e1s \u201eMutis\u201d Cs\u00e1nyi)<br \/>\nThe recordigns were made on the Traditional Dance and Music Festival, in the hall room of the H\u00e1romsz\u00e9k Ensemble.<\/p>","protected":false},"excerpt":{"rendered":"","protected":false},"author":1,"featured_media":2144,"comment_status":"open","ping_status":"open","sticky":false,"template":"","format":"standard","meta":{"_acf_changed":false,"footnotes":""},"categories":[2],"tags":[],"eloadok":[3204,3203,2924,2926,3211,2904,2919,2911,3210,3206,3205,3209],"regio":[3684],"tancdialektus":[3742],"tanctipus":[],"zenetipus":[],"class_list":["post-4024","post","type-post","status-publish","format-standard","has-post-thumbnail","hentry","category-mozgokep","eloadok-biro-batori-julianna","eloadok-biro-pal","eloadok-csanyi-matyas-mutis","eloadok-csanyi-sandor-cilika","eloadok-jambor-istvan-dumnyezo","eloadok-konczei-arpad","eloadok-mezei-ferenc-csangalo","eloadok-pavai-istvan","eloadok-vicze-biro-vilma","eloadok-vincze-tasnadi-julianna","eloadok-vincze-arpad","eloadok-vincze-ferenc","regio-kukullo-mente","tancdialektus-kukullomenti"],"acf":[],"_links":{"self":[{"href":"https:\/\/folkmedia.neptanc.ro\/en\/wp-json\/wp\/v2\/posts\/4024","targetHints":{"allow":["GET"]}}],"collection":[{"href":"https:\/\/folkmedia.neptanc.ro\/en\/wp-json\/wp\/v2\/posts"}],"about":[{"href":"https:\/\/folkmedia.neptanc.ro\/en\/wp-json\/wp\/v2\/types\/post"}],"author":[{"embeddable":true,"href":"https:\/\/folkmedia.neptanc.ro\/en\/wp-json\/wp\/v2\/users\/1"}],"replies":[{"embeddable":true,"href":"https:\/\/folkmedia.neptanc.ro\/en\/wp-json\/wp\/v2\/comments?post=4024"}],"version-history":[{"count":2,"href":"https:\/\/folkmedia.neptanc.ro\/en\/wp-json\/wp\/v2\/posts\/4024\/revisions"}],"predecessor-version":[{"id":4389,"href":"https:\/\/folkmedia.neptanc.ro\/en\/wp-json\/wp\/v2\/posts\/4024\/revisions\/4389"}],"wp:featuredmedia":[{"embeddable":true,"href":"https:\/\/folkmedia.neptanc.ro\/en\/wp-json\/wp\/v2\/media\/2144"}],"wp:attachment":[{"href":"https:\/\/folkmedia.neptanc.ro\/en\/wp-json\/wp\/v2\/media?parent=4024"}],"wp:term":[{"taxonomy":"category","embeddable":true,"href":"https:\/\/folkmedia.neptanc.ro\/en\/wp-json\/wp\/v2\/categories?post=4024"},{"taxonomy":"post_tag","embeddable":true,"href":"https:\/\/folkmedia.neptanc.ro\/en\/wp-json\/wp\/v2\/tags?post=4024"},{"taxonomy":"eloadok","embeddable":true,"href":"https:\/\/folkmedia.neptanc.ro\/en\/wp-json\/wp\/v2\/eloadok?post=4024"},{"taxonomy":"regio","embeddable":true,"href":"https:\/\/folkmedia.neptanc.ro\/en\/wp-json\/wp\/v2\/regio?post=4024"},{"taxonomy":"tancdialektus","embeddable":true,"href":"https:\/\/folkmedia.neptanc.ro\/en\/wp-json\/wp\/v2\/tancdialektus?post=4024"},{"taxonomy":"tanctipus","embeddable":true,"href":"https:\/\/folkmedia.neptanc.ro\/en\/wp-json\/wp\/v2\/tanctipus?post=4024"},{"taxonomy":"zenetipus","embeddable":true,"href":"https:\/\/folkmedia.neptanc.ro\/en\/wp-json\/wp\/v2\/zenetipus?post=4024"}],"curies":[{"name":"wp","href":"https:\/\/api.w.org\/{rel}","templated":true}]}}