{"id":4023,"date":"2023-12-21T14:57:40","date_gmt":"2023-12-21T13:57:40","guid":{"rendered":"https:\/\/folkmedia.neptanc.ro\/mediatar\/dvd-kollekcio-magyarlapad-2-004243\/"},"modified":"2023-12-21T17:22:21","modified_gmt":"2023-12-21T16:22:21","slug":"dvd-kollekcio-magyarlapad-2-004243","status":"publish","type":"post","link":"https:\/\/folkmedia.neptanc.ro\/en\/mediatar\/dvd-kollekcio-magyarlapad-2-004243\/","title":{"rendered":"DVD kollekci\u00f3: Magyarlap\u00e1d 2. [00:42:43]"},"content":{"rendered":"<p>1.\t\u201d\u00d6reges cs\u00e1rd\u00e1s\u201d, \u201dcs\u00e1rd\u00e1s\u201d, \u201dszapora\u201d<br \/>\n2.\t\u201dCs\u00e1rd\u00e1s\u201d, \u201dszapora\u201d<br \/>\n3.\t\u201d\u00d6reges cs\u00e1rd\u00e1s\u201d, \u201dcs\u00e1rd\u00e1s\u201d<br \/>\n4.\t\u201dCs\u00e1rd\u00e1s\u201d, \u201dszapora\u201d<br \/>\n5.\t\u201d\u00d6reges cs\u00e1rd\u00e1s\u201d, \u201dcs\u00e1rd\u00e1s\u201d, \u201dszapora\u201d<br \/>\n6.\t\u201dLass\u00fa pontoz\u00f3\u201d, \u201dpontoz\u00f3\u201d<br \/>\n7.\t\u201dPontoz\u00f3\u201d<br \/>\n8.\tStage performance:<br \/>\n\u2022\t\u201dKapcsos\u201d (roundabout)<br \/>\n\u2022\t\u201dPontoz\u00f3\u201d<br \/>\n\u2022\t\u201d\u00d6reges cs\u00e1rd\u00e1s\u201d, \u201dlass\u00fa pontoz\u00f3\u201d, \u201dcs\u00e1rd\u00e1s\u201d, \u201dszapora\u201d<br \/>\n9.\tStage performance: \u201dpontoz\u00f3\u201d<br \/>\nThe recordigns were made on the Traditional Dance and Music Festival, in the hall room of the H\u00e1romsz\u00e9k Ensemble.<\/p>","protected":false},"excerpt":{"rendered":"","protected":false},"author":1,"featured_media":2161,"comment_status":"open","ping_status":"open","sticky":false,"template":"","format":"standard","meta":{"_acf_changed":false,"footnotes":""},"categories":[2],"tags":[],"eloadok":[3201,3071,2904,2939,2911,2941,2936,2931,2933,2940,3202,2932,2942,2943,2937,3200,2938],"regio":[3684],"tancdialektus":[3742],"tanctipus":[],"zenetipus":[],"class_list":["post-4023","post","type-post","status-publish","format-standard","has-post-thumbnail","hentry","category-mozgokep","eloadok-gazsi-annamaria","eloadok-janosi-jozsef","eloadok-konczei-arpad","eloadok-nagy-janos","eloadok-pavai-istvan","eloadok-sipos-ferenc","eloadok-sipos-gergely-margit","eloadok-sipos-marton","eloadok-szabo-ferenc-nuci","eloadok-szabo-sandor-nuci","eloadok-szalay-zoltan","eloadok-szekely-istvan","eloadok-szilagyi-andras","eloadok-turzai-andras","eloadok-turzai-gyongyi","eloadok-turzai-szilagyi-hajnalka","eloadok-turzai-tunde","regio-kukullo-mente","tancdialektus-kukullomenti"],"acf":[],"_links":{"self":[{"href":"https:\/\/folkmedia.neptanc.ro\/en\/wp-json\/wp\/v2\/posts\/4023","targetHints":{"allow":["GET"]}}],"collection":[{"href":"https:\/\/folkmedia.neptanc.ro\/en\/wp-json\/wp\/v2\/posts"}],"about":[{"href":"https:\/\/folkmedia.neptanc.ro\/en\/wp-json\/wp\/v2\/types\/post"}],"author":[{"embeddable":true,"href":"https:\/\/folkmedia.neptanc.ro\/en\/wp-json\/wp\/v2\/users\/1"}],"replies":[{"embeddable":true,"href":"https:\/\/folkmedia.neptanc.ro\/en\/wp-json\/wp\/v2\/comments?post=4023"}],"version-history":[{"count":2,"href":"https:\/\/folkmedia.neptanc.ro\/en\/wp-json\/wp\/v2\/posts\/4023\/revisions"}],"predecessor-version":[{"id":4391,"href":"https:\/\/folkmedia.neptanc.ro\/en\/wp-json\/wp\/v2\/posts\/4023\/revisions\/4391"}],"wp:featuredmedia":[{"embeddable":true,"href":"https:\/\/folkmedia.neptanc.ro\/en\/wp-json\/wp\/v2\/media\/2161"}],"wp:attachment":[{"href":"https:\/\/folkmedia.neptanc.ro\/en\/wp-json\/wp\/v2\/media?parent=4023"}],"wp:term":[{"taxonomy":"category","embeddable":true,"href":"https:\/\/folkmedia.neptanc.ro\/en\/wp-json\/wp\/v2\/categories?post=4023"},{"taxonomy":"post_tag","embeddable":true,"href":"https:\/\/folkmedia.neptanc.ro\/en\/wp-json\/wp\/v2\/tags?post=4023"},{"taxonomy":"eloadok","embeddable":true,"href":"https:\/\/folkmedia.neptanc.ro\/en\/wp-json\/wp\/v2\/eloadok?post=4023"},{"taxonomy":"regio","embeddable":true,"href":"https:\/\/folkmedia.neptanc.ro\/en\/wp-json\/wp\/v2\/regio?post=4023"},{"taxonomy":"tancdialektus","embeddable":true,"href":"https:\/\/folkmedia.neptanc.ro\/en\/wp-json\/wp\/v2\/tancdialektus?post=4023"},{"taxonomy":"tanctipus","embeddable":true,"href":"https:\/\/folkmedia.neptanc.ro\/en\/wp-json\/wp\/v2\/tanctipus?post=4023"},{"taxonomy":"zenetipus","embeddable":true,"href":"https:\/\/folkmedia.neptanc.ro\/en\/wp-json\/wp\/v2\/zenetipus?post=4023"}],"curies":[{"name":"wp","href":"https:\/\/api.w.org\/{rel}","templated":true}]}}