{"id":4022,"date":"2023-12-21T14:57:40","date_gmt":"2023-12-21T13:57:40","guid":{"rendered":"https:\/\/folkmedia.neptanc.ro\/mediatar\/dvd-kollekcio-magyarlapad-1-005829\/"},"modified":"2023-12-21T17:22:43","modified_gmt":"2023-12-21T16:22:43","slug":"dvd-kollekcio-magyarlapad-1-005829","status":"publish","type":"post","link":"https:\/\/folkmedia.neptanc.ro\/en\/mediatar\/dvd-kollekcio-magyarlapad-1-005829\/","title":{"rendered":"DVD kollekci\u00f3: Magyarlap\u00e1d 1. [00:58:29]"},"content":{"rendered":"<p>M\u00e1rton Sipos&#8217;s songs:<br \/>\n1.\t\u201dKeserves\u201d-s:<br \/>\n\u2022\t\u201eB\u0151g a b\u00e1r\u00e1ny a nagy hegyen&#8230;\u201d<br \/>\n\u2022\t\u201eMagas hegyr\u0151l foly le a v\u00edz&#8230;\u201d<br \/>\n2.\t\u201dKeserves\u201d:<br \/>\n\u2022\t\u201eMagas hegyr\u0151l foly le a v\u00edz&#8230;\u201d<br \/>\n3.\t\u201dKatonak\u00eds\u00e9r\u0151\u201d:<br \/>\n\u2022\t\u201eV\u00e1gj\u00e1k az erdei utat&#8230;\u201d<br \/>\n4.\t\u201dKatonak\u00eds\u00e9r\u0151\u201d:<br \/>\n\u2022\t\u201eV\u00e1gj\u00e1k az erdei utat&#8230;\u201d<br \/>\n5.\t\u201dAsztali n\u00f3ta\u201d song:<br \/>\n\u2022\t\u201eK\u00e9t domb k\u00f6z\u00e9 bes\u00fct\u00f6tt a holdvil\u00e1g&#8230;\u201d<br \/>\nMusic recordings:<br \/>\n6.\t\u201dPontoz\u00f3\u201d<br \/>\n7.\t\u201d\u00d6reges cs\u00e1rd\u00e1s\u201d, \u201dcs\u00e1rd\u00e1s\u201d<br \/>\n8.\t\u201d\u00d6reges cs\u00e1rd\u00e1s\u201d<br \/>\n9.\t\u201dSzapora\u201d<br \/>\n10.\t\u201d\u00cenv\u0103rtit\u0103\u201d (danced)<br \/>\n11.\t\u201dHaid\u0103u\u201d<br \/>\n12.\t\u201d\u00d6reges cs\u00e1rd\u00e1s\u201d<br \/>\n13.\t\u201d\u00d6reges cs\u00e1rd\u00e1s\u201d, \u201dcs\u00e1rd\u00e1s\u201d, \u201dszapora\u201d (danced)<br \/>\n14.\t\u201dMenyasszonyk\u00eds\u00e9r\u0151 verbunk\u201d<br \/>\n15.\t\u201d\u00d6reges cs\u00e1rd\u00e1s\u201d<br \/>\nMusic recordings:<br \/>\n16.\t\u201d\u00d6reges cs\u00e1rd\u00e1s\u201d, \u201dcs\u00e1rd\u00e1s\u201d:<br \/>\n\u2022\t\u201eH\u00fazd fel, r\u00f3zs\u00e1m, a csizm\u00e1dat&#8230;\u201d<br \/>\n\u2022\t\u201eHideg sincsen, m\u00e9gis befagyott a t\u00f3&#8230;\u201d<br \/>\n\u2022\t\u201eEz a malom de j\u00f3 helyen van&#8230;\u201d<br \/>\n17.\tM\u00e1rton Sipos&#8217;s songs:<br \/>\n\u2022\t\u201eMagas hegyr\u0151l foly le a v\u00edz&#8230;\u201d (\u201dkeserves\u201d)<br \/>\n\u2022\t\u201eV\u00e1gj\u00e1k az erdei utat&#8230;\u201d (\u201dkatonak\u00eds\u00e9r\u0151\u201d)<br \/>\n\u2022\t\u201eK\u00e9t domb k\u00f6z\u00e9 bes\u00fct\u00f6tt a holdvil\u00e1g&#8230;\u201d (\u201dasztali n\u00f3ta\u201d song)<br \/>\n\u2022\t\u201eB\u0151g a b\u00e1r\u00e1ny a nagy hegyen&#8230;\u201d (\u201dkeserves\u201d)<br \/>\n18.\t\u201dLass\u00fa pontoz\u00f3\u201d<br \/>\n19.\t\u201d\u00d6reges cs\u00e1rd\u00e1s\u201d, \u201dcs\u00e1rd\u00e1s\u201d, \u201dszapora\u201d<br \/>\n20.\t\u201dKapcsos\u201d (roundabout)<br \/>\n21.\t\u201dLass\u00fa pontoz\u00f3\u201d<br \/>\nThe recordigns were made on the Traditional Dance and Music Festival, in the hall room of the H\u00e1romsz\u00e9k Ensemble.<\/p>","protected":false},"excerpt":{"rendered":"","protected":false},"author":1,"featured_media":2163,"comment_status":"open","ping_status":"open","sticky":false,"template":"","format":"standard","meta":{"_acf_changed":false,"footnotes":""},"categories":[2],"tags":[],"eloadok":[3201,3071,2904,2939,2911,2941,2936,2931,2933,2940,3202,2932,2942,2943,2937,3200,2938],"regio":[3684],"tancdialektus":[3742],"tanctipus":[],"zenetipus":[],"class_list":["post-4022","post","type-post","status-publish","format-standard","has-post-thumbnail","hentry","category-mozgokep","eloadok-gazsi-annamaria","eloadok-janosi-jozsef","eloadok-konczei-arpad","eloadok-nagy-janos","eloadok-pavai-istvan","eloadok-sipos-ferenc","eloadok-sipos-gergely-margit","eloadok-sipos-marton","eloadok-szabo-ferenc-nuci","eloadok-szabo-sandor-nuci","eloadok-szalay-zoltan","eloadok-szekely-istvan","eloadok-szilagyi-andras","eloadok-turzai-andras","eloadok-turzai-gyongyi","eloadok-turzai-szilagyi-hajnalka","eloadok-turzai-tunde","regio-kukullo-mente","tancdialektus-kukullomenti"],"acf":[],"_links":{"self":[{"href":"https:\/\/folkmedia.neptanc.ro\/en\/wp-json\/wp\/v2\/posts\/4022","targetHints":{"allow":["GET"]}}],"collection":[{"href":"https:\/\/folkmedia.neptanc.ro\/en\/wp-json\/wp\/v2\/posts"}],"about":[{"href":"https:\/\/folkmedia.neptanc.ro\/en\/wp-json\/wp\/v2\/types\/post"}],"author":[{"embeddable":true,"href":"https:\/\/folkmedia.neptanc.ro\/en\/wp-json\/wp\/v2\/users\/1"}],"replies":[{"embeddable":true,"href":"https:\/\/folkmedia.neptanc.ro\/en\/wp-json\/wp\/v2\/comments?post=4022"}],"version-history":[{"count":2,"href":"https:\/\/folkmedia.neptanc.ro\/en\/wp-json\/wp\/v2\/posts\/4022\/revisions"}],"predecessor-version":[{"id":4393,"href":"https:\/\/folkmedia.neptanc.ro\/en\/wp-json\/wp\/v2\/posts\/4022\/revisions\/4393"}],"wp:featuredmedia":[{"embeddable":true,"href":"https:\/\/folkmedia.neptanc.ro\/en\/wp-json\/wp\/v2\/media\/2163"}],"wp:attachment":[{"href":"https:\/\/folkmedia.neptanc.ro\/en\/wp-json\/wp\/v2\/media?parent=4022"}],"wp:term":[{"taxonomy":"category","embeddable":true,"href":"https:\/\/folkmedia.neptanc.ro\/en\/wp-json\/wp\/v2\/categories?post=4022"},{"taxonomy":"post_tag","embeddable":true,"href":"https:\/\/folkmedia.neptanc.ro\/en\/wp-json\/wp\/v2\/tags?post=4022"},{"taxonomy":"eloadok","embeddable":true,"href":"https:\/\/folkmedia.neptanc.ro\/en\/wp-json\/wp\/v2\/eloadok?post=4022"},{"taxonomy":"regio","embeddable":true,"href":"https:\/\/folkmedia.neptanc.ro\/en\/wp-json\/wp\/v2\/regio?post=4022"},{"taxonomy":"tancdialektus","embeddable":true,"href":"https:\/\/folkmedia.neptanc.ro\/en\/wp-json\/wp\/v2\/tancdialektus?post=4022"},{"taxonomy":"tanctipus","embeddable":true,"href":"https:\/\/folkmedia.neptanc.ro\/en\/wp-json\/wp\/v2\/tanctipus?post=4022"},{"taxonomy":"zenetipus","embeddable":true,"href":"https:\/\/folkmedia.neptanc.ro\/en\/wp-json\/wp\/v2\/zenetipus?post=4022"}],"curies":[{"name":"wp","href":"https:\/\/api.w.org\/{rel}","templated":true}]}}