{"id":4021,"date":"2023-12-21T14:57:40","date_gmt":"2023-12-21T13:57:40","guid":{"rendered":"https:\/\/folkmedia.neptanc.ro\/mediatar\/dvd-kollekcio-szek-3-004809\/"},"modified":"2023-12-21T17:23:01","modified_gmt":"2023-12-21T16:23:01","slug":"dvd-kollekcio-szek-3-004809","status":"publish","type":"post","link":"https:\/\/folkmedia.neptanc.ro\/en\/mediatar\/dvd-kollekcio-szek-3-004809\/","title":{"rendered":"DVD kollekci\u00f3: Sz\u00e9k 3. [00:48:09]"},"content":{"rendered":"<p>1.\t\u201dMagyar\u201d<br \/>\n2.\t\u201dS\u0171r\u0171 temp\u00f3\u201d, \u201dritka temp\u00f3\u201d<br \/>\n3.\t\u201dLass\u00fa\u201d, \u201dcs\u00e1rd\u00e1s\u201d<br \/>\n4.\tConversation with SZAB\u00d3, Istv\u00e1n \u201dKicsi J\u00f3zsi Pista\u201d about the dances<br \/>\n5.\t\u201dLass\u00fa\u201d, \u201dcs\u00e1rd\u00e1s\u201d, \u201dporka\u201d, \u201dh\u00e9tl\u00e9p\u00e9s\u201d<br \/>\n6.\t\u201dCs\u00e1rd\u00e1s\u201d (Istv\u00e1n Szab\u00f3 \u201eKicsi J\u00f3zsi Pista\u201d, R\u00f3zsa Szab\u00f3)<br \/>\n7.\t\u201dCs\u00e1rd\u00e1s\u201d ((Istv\u00e1n Fodor, Zsuzsa Fodor)<br \/>\n8.\t\u201dCs\u00e1rd\u00e1s\u201d (S\u00e1ndor Sallai, S\u00e1ra Sallai)<br \/>\n9.\t\u201dCs\u00e1rd\u00e1s\u201d (J\u00e1nos Csorba, R\u00f3za Csorba)<br \/>\n10.\t\u201dS\u0171r\u0171 temp\u00f3\u201d, \u201dritka temp\u00f3\u201d<br \/>\n11.\t\u201dS\u0171r\u0171 temp\u00f3\u201d, \u201dritka temp\u00f3\u201d<br \/>\n12.\t\u201dVerbunk\u201d<br \/>\n13.\t\u201dRitka temp\u00f3\u201d<br \/>\n14.\t\u201dS\u0171r\u0171 temp\u00f3\u201d, \u201dritka temp\u00f3\u201d (on stage)<br \/>\n15.\t\u201dMagyar\u201d (on stage)<br \/>\nThe recordigns were made on the Traditional Dance and Music Festival, in the hall room of the H\u00e1romsz\u00e9k Ensemble.<\/p>","protected":false},"excerpt":{"rendered":"","protected":false},"author":1,"featured_media":2184,"comment_status":"open","ping_status":"open","sticky":false,"template":"","format":"standard","meta":{"_acf_changed":false,"footnotes":""},"categories":[2],"tags":[],"eloadok":[2976,3582,2977,3199,2904,2983,2984,2911,2980,3606,3198,2981,3586],"regio":[3676],"tancdialektus":[3682],"tanctipus":[],"zenetipus":[],"class_list":["post-4021","post","type-post","status-publish","format-standard","has-post-thumbnail","hentry","category-mozgokep","eloadok-csorba-serestely-rozalia-rozsi","eloadok-csorba-janos-2","eloadok-fodor-istvan","eloadok-fodor-zsuzsa","eloadok-konczei-arpad","eloadok-moldovan-gyorgy-ilka-gyuri","eloadok-moldovan-miklos","eloadok-pavai-istvan","eloadok-sallai-bardos-sara","eloadok-sallai-istvan-2","eloadok-szabo-gabor-rozalia","eloadok-szabo-istvan-kicsi-jozsi","eloadok-szasz-lorinc-2","regio-mezoseg","tancdialektus-mezosegi"],"acf":[],"_links":{"self":[{"href":"https:\/\/folkmedia.neptanc.ro\/en\/wp-json\/wp\/v2\/posts\/4021","targetHints":{"allow":["GET"]}}],"collection":[{"href":"https:\/\/folkmedia.neptanc.ro\/en\/wp-json\/wp\/v2\/posts"}],"about":[{"href":"https:\/\/folkmedia.neptanc.ro\/en\/wp-json\/wp\/v2\/types\/post"}],"author":[{"embeddable":true,"href":"https:\/\/folkmedia.neptanc.ro\/en\/wp-json\/wp\/v2\/users\/1"}],"replies":[{"embeddable":true,"href":"https:\/\/folkmedia.neptanc.ro\/en\/wp-json\/wp\/v2\/comments?post=4021"}],"version-history":[{"count":2,"href":"https:\/\/folkmedia.neptanc.ro\/en\/wp-json\/wp\/v2\/posts\/4021\/revisions"}],"predecessor-version":[{"id":4395,"href":"https:\/\/folkmedia.neptanc.ro\/en\/wp-json\/wp\/v2\/posts\/4021\/revisions\/4395"}],"wp:featuredmedia":[{"embeddable":true,"href":"https:\/\/folkmedia.neptanc.ro\/en\/wp-json\/wp\/v2\/media\/2184"}],"wp:attachment":[{"href":"https:\/\/folkmedia.neptanc.ro\/en\/wp-json\/wp\/v2\/media?parent=4021"}],"wp:term":[{"taxonomy":"category","embeddable":true,"href":"https:\/\/folkmedia.neptanc.ro\/en\/wp-json\/wp\/v2\/categories?post=4021"},{"taxonomy":"post_tag","embeddable":true,"href":"https:\/\/folkmedia.neptanc.ro\/en\/wp-json\/wp\/v2\/tags?post=4021"},{"taxonomy":"eloadok","embeddable":true,"href":"https:\/\/folkmedia.neptanc.ro\/en\/wp-json\/wp\/v2\/eloadok?post=4021"},{"taxonomy":"regio","embeddable":true,"href":"https:\/\/folkmedia.neptanc.ro\/en\/wp-json\/wp\/v2\/regio?post=4021"},{"taxonomy":"tancdialektus","embeddable":true,"href":"https:\/\/folkmedia.neptanc.ro\/en\/wp-json\/wp\/v2\/tancdialektus?post=4021"},{"taxonomy":"tanctipus","embeddable":true,"href":"https:\/\/folkmedia.neptanc.ro\/en\/wp-json\/wp\/v2\/tanctipus?post=4021"},{"taxonomy":"zenetipus","embeddable":true,"href":"https:\/\/folkmedia.neptanc.ro\/en\/wp-json\/wp\/v2\/zenetipus?post=4021"}],"curies":[{"name":"wp","href":"https:\/\/api.w.org\/{rel}","templated":true}]}}