{"id":4019,"date":"2023-12-21T14:57:40","date_gmt":"2023-12-21T13:57:40","guid":{"rendered":"https:\/\/folkmedia.neptanc.ro\/mediatar\/dvd-kollekcio-szek-1-004615\/"},"modified":"2023-12-21T17:23:42","modified_gmt":"2023-12-21T16:23:42","slug":"dvd-kollekcio-szek-1-004615","status":"publish","type":"post","link":"https:\/\/folkmedia.neptanc.ro\/en\/mediatar\/dvd-kollekcio-szek-1-004615\/","title":{"rendered":"DVD kollekci\u00f3: Sz\u00e9k 1. [00:46:15]"},"content":{"rendered":"<p>Mari Filep&#8217;s songs (widow of M\u00e1rton Filep):<br \/>\n1.\t\u201eMind azt mondja, ki nem tudja&#8230;\u201d (\u201dmagyar\u201d)<br \/>\n2.\t\u201eB\u00fara, b\u00fara, b\u00fab\u00e1natra sz\u00fclettem&#8230;\u201d (\u201dkeserves\u201d)<br \/>\n3.\t\u201eSzarka vagyok, ugr\u00e1lok&#8230;\u201d (\u201dszarkat\u00e1nc\u201d)<br \/>\n4.\t\u201e\u00c9jf\u00e9l ut\u00e1n kett\u0151t \u00fct\u00f6tt az \u00f3ra&#8230;\u201d (\u201dlass\u00fa\u201d)<br \/>\n5.\t\u201eMi z\u00f6r\u00f6g, mi z\u00f6r\u00f6g a s\u0171r\u0171 erd\u0151be&#8230;\u201d (\u201dlass\u00fa\u201d)<br \/>\n6.\t\u201eA menyasszony sz\u00e9p vir\u00e1g&#8230;\u201d (\u201dmenyasszonyk\u00eds\u00e9r\u0151\u201d)<br \/>\n7.\t\u201eCsikarag a szek\u00e9r&#8230;\u201d (\u201dlakodalmas\u201d)<br \/>\n8.\t\u201eK\u00e9t \u00fat \u00e1ll el\u0151ttem, melyiken induljak&#8230;\u201d (\u201dlass\u00fa\u201d)<br \/>\n9.\t\u201e\u00c9des uram, de j\u00f3 kend&#8230;\u201d (\u201dcs\u00e1rd\u00e1s\u201d)<br \/>\n10.\t\u201e\u00c1rva mad\u00e1r m\u00e9r keseregsz az \u00e1gon&#8230;\u201d (\u201dlass\u00fa\u201d)<br \/>\n11.\t\u201eAzt hallottam, j\u00f3 galambom, hogy itt akarsz hagyni&#8230;\u201d (\u201dlass\u00fa\u201d)<br \/>\n12.\t\u201eSz\u00e9kv\u00e1rosi \u00f6reg templom harangja&#8230;\u201d (\u201dlass\u00fa\u201d)<br \/>\nMusic recordings:<br \/>\n13.\tPresenting the musicians<br \/>\n14.\t\u201dMagyar\u201d<br \/>\n15.\t\u201dCs\u00e1rd\u00e1s\u201d<br \/>\nThe recordigns were made on the Traditional Dance and Music Festival, in the hall room of the H\u00e1romsz\u00e9k Ensemble.<\/p>","protected":false},"excerpt":{"rendered":"","protected":false},"author":1,"featured_media":2189,"comment_status":"open","ping_status":"open","sticky":false,"template":"","format":"standard","meta":{"_acf_changed":false,"footnotes":""},"categories":[2],"tags":[],"eloadok":[2976,3582,2977,3199,2904,2983,2984,2987,2911,2980,3606,3198,2981,3586],"regio":[3676],"tancdialektus":[3682],"tanctipus":[],"zenetipus":[],"class_list":["post-4019","post","type-post","status-publish","format-standard","has-post-thumbnail","hentry","category-mozgokep","eloadok-csorba-serestely-rozalia-rozsi","eloadok-csorba-janos-2","eloadok-fodor-istvan","eloadok-fodor-zsuzsa","eloadok-konczei-arpad","eloadok-moldovan-gyorgy-ilka-gyuri","eloadok-moldovan-miklos","eloadok-pap-filep-maria","eloadok-pavai-istvan","eloadok-sallai-bardos-sara","eloadok-sallai-istvan-2","eloadok-szabo-gabor-rozalia","eloadok-szabo-istvan-kicsi-jozsi","eloadok-szasz-lorinc-2","regio-mezoseg","tancdialektus-mezosegi"],"acf":[],"_links":{"self":[{"href":"https:\/\/folkmedia.neptanc.ro\/en\/wp-json\/wp\/v2\/posts\/4019","targetHints":{"allow":["GET"]}}],"collection":[{"href":"https:\/\/folkmedia.neptanc.ro\/en\/wp-json\/wp\/v2\/posts"}],"about":[{"href":"https:\/\/folkmedia.neptanc.ro\/en\/wp-json\/wp\/v2\/types\/post"}],"author":[{"embeddable":true,"href":"https:\/\/folkmedia.neptanc.ro\/en\/wp-json\/wp\/v2\/users\/1"}],"replies":[{"embeddable":true,"href":"https:\/\/folkmedia.neptanc.ro\/en\/wp-json\/wp\/v2\/comments?post=4019"}],"version-history":[{"count":2,"href":"https:\/\/folkmedia.neptanc.ro\/en\/wp-json\/wp\/v2\/posts\/4019\/revisions"}],"predecessor-version":[{"id":4399,"href":"https:\/\/folkmedia.neptanc.ro\/en\/wp-json\/wp\/v2\/posts\/4019\/revisions\/4399"}],"wp:featuredmedia":[{"embeddable":true,"href":"https:\/\/folkmedia.neptanc.ro\/en\/wp-json\/wp\/v2\/media\/2189"}],"wp:attachment":[{"href":"https:\/\/folkmedia.neptanc.ro\/en\/wp-json\/wp\/v2\/media?parent=4019"}],"wp:term":[{"taxonomy":"category","embeddable":true,"href":"https:\/\/folkmedia.neptanc.ro\/en\/wp-json\/wp\/v2\/categories?post=4019"},{"taxonomy":"post_tag","embeddable":true,"href":"https:\/\/folkmedia.neptanc.ro\/en\/wp-json\/wp\/v2\/tags?post=4019"},{"taxonomy":"eloadok","embeddable":true,"href":"https:\/\/folkmedia.neptanc.ro\/en\/wp-json\/wp\/v2\/eloadok?post=4019"},{"taxonomy":"regio","embeddable":true,"href":"https:\/\/folkmedia.neptanc.ro\/en\/wp-json\/wp\/v2\/regio?post=4019"},{"taxonomy":"tancdialektus","embeddable":true,"href":"https:\/\/folkmedia.neptanc.ro\/en\/wp-json\/wp\/v2\/tancdialektus?post=4019"},{"taxonomy":"tanctipus","embeddable":true,"href":"https:\/\/folkmedia.neptanc.ro\/en\/wp-json\/wp\/v2\/tanctipus?post=4019"},{"taxonomy":"zenetipus","embeddable":true,"href":"https:\/\/folkmedia.neptanc.ro\/en\/wp-json\/wp\/v2\/zenetipus?post=4019"}],"curies":[{"name":"wp","href":"https:\/\/api.w.org\/{rel}","templated":true}]}}