{"id":4018,"date":"2023-12-21T14:57:40","date_gmt":"2023-12-21T13:57:40","guid":{"rendered":"https:\/\/folkmedia.neptanc.ro\/mediatar\/dvd-kollekcio-vajdakamaras-001746\/"},"modified":"2023-12-21T17:24:08","modified_gmt":"2023-12-21T16:24:08","slug":"dvd-kollekcio-vajdakamaras-001746","status":"publish","type":"post","link":"https:\/\/folkmedia.neptanc.ro\/en\/mediatar\/dvd-kollekcio-vajdakamaras-001746\/","title":{"rendered":"DVD kollekci\u00f3: Vajdakamar\u00e1s [00:17:46]"},"content":{"rendered":"<p>Stage performance:<br \/>\n\u2022\tPresenting the performers<br \/>\n\u2022\t\u201dRitka cs\u00e1rd\u00e1s\u201d, \u201dritka sz\u00f6k\u0151s\u201d, \u201ds\u0171r\u0171 cs\u00e1rd\u00e1s\u201d<br \/>\n\u2022\t\u201dRitka cs\u00e1rd\u00e1s\u201d, \u201ds\u0171r\u0171 cs\u00e1rd\u00e1s\u201d (in collaboration with \u00c1rp\u00e1d K\u00f6nczei and Judit Plugor)<br \/>\n\u2022\t\u201dS\u0171r\u0171 cs\u00e1rd\u00e1s\u201d (B\u00e9la Kodoba, Stef\u00e1n Moldovan and in collaboration with Judit Plugor)<br \/>\n\u2022\t\u201dT\u00e2rn\u0103veana\u201d (Florin Codoba)<br \/>\n\u2022\t\u201dT\u00e2rn\u0103veana\u201d (Lajos Matingo)<br \/>\n\u2022\t\u201dRitkasz\u00f6k\u0151s\u201d, \u201ds\u0171r\u0171 cs\u00e1rd\u00e1s\u201d (in collaboration with \u00c1rp\u00e1d K\u00f6nczei and Judit Plugor)<br \/>\nThe recordigns were made on the Traditional Dance and Music Festival, in the hall room of the H\u00e1romsz\u00e9k Ensemble.<\/p>","protected":false},"excerpt":{"rendered":"","protected":false},"author":1,"featured_media":2180,"comment_status":"open","ping_status":"open","sticky":false,"template":"","format":"standard","meta":{"_acf_changed":false,"footnotes":""},"categories":[2],"tags":[],"eloadok":[2930,2910,2900,2899,2904,3193,3197,3195,3196,3595,3194,2911,3192],"regio":[3676],"tancdialektus":[3682],"tanctipus":[],"zenetipus":[],"class_list":["post-4018","post","type-post","status-publish","format-standard","has-post-thumbnail","hentry","category-mozgokep","eloadok-boldi-ioan-nelu","eloadok-codoba-marton-florin","eloadok-kodoba-bela","eloadok-kodoba-marton-martin","eloadok-konczei-arpad","eloadok-kutas-anna","eloadok-macsingo-martin-karcsi","eloadok-matingo-lajos","eloadok-moldovan-stefan","eloadok-nagy-jozsef-3","eloadok-nagy-levete","eloadok-pavai-istvan","eloadok-varro-rozalia","regio-mezoseg","tancdialektus-mezosegi"],"acf":[],"_links":{"self":[{"href":"https:\/\/folkmedia.neptanc.ro\/en\/wp-json\/wp\/v2\/posts\/4018","targetHints":{"allow":["GET"]}}],"collection":[{"href":"https:\/\/folkmedia.neptanc.ro\/en\/wp-json\/wp\/v2\/posts"}],"about":[{"href":"https:\/\/folkmedia.neptanc.ro\/en\/wp-json\/wp\/v2\/types\/post"}],"author":[{"embeddable":true,"href":"https:\/\/folkmedia.neptanc.ro\/en\/wp-json\/wp\/v2\/users\/1"}],"replies":[{"embeddable":true,"href":"https:\/\/folkmedia.neptanc.ro\/en\/wp-json\/wp\/v2\/comments?post=4018"}],"version-history":[{"count":2,"href":"https:\/\/folkmedia.neptanc.ro\/en\/wp-json\/wp\/v2\/posts\/4018\/revisions"}],"predecessor-version":[{"id":4401,"href":"https:\/\/folkmedia.neptanc.ro\/en\/wp-json\/wp\/v2\/posts\/4018\/revisions\/4401"}],"wp:featuredmedia":[{"embeddable":true,"href":"https:\/\/folkmedia.neptanc.ro\/en\/wp-json\/wp\/v2\/media\/2180"}],"wp:attachment":[{"href":"https:\/\/folkmedia.neptanc.ro\/en\/wp-json\/wp\/v2\/media?parent=4018"}],"wp:term":[{"taxonomy":"category","embeddable":true,"href":"https:\/\/folkmedia.neptanc.ro\/en\/wp-json\/wp\/v2\/categories?post=4018"},{"taxonomy":"post_tag","embeddable":true,"href":"https:\/\/folkmedia.neptanc.ro\/en\/wp-json\/wp\/v2\/tags?post=4018"},{"taxonomy":"eloadok","embeddable":true,"href":"https:\/\/folkmedia.neptanc.ro\/en\/wp-json\/wp\/v2\/eloadok?post=4018"},{"taxonomy":"regio","embeddable":true,"href":"https:\/\/folkmedia.neptanc.ro\/en\/wp-json\/wp\/v2\/regio?post=4018"},{"taxonomy":"tancdialektus","embeddable":true,"href":"https:\/\/folkmedia.neptanc.ro\/en\/wp-json\/wp\/v2\/tancdialektus?post=4018"},{"taxonomy":"tanctipus","embeddable":true,"href":"https:\/\/folkmedia.neptanc.ro\/en\/wp-json\/wp\/v2\/tanctipus?post=4018"},{"taxonomy":"zenetipus","embeddable":true,"href":"https:\/\/folkmedia.neptanc.ro\/en\/wp-json\/wp\/v2\/zenetipus?post=4018"}],"curies":[{"name":"wp","href":"https:\/\/api.w.org\/{rel}","templated":true}]}}