{"id":4017,"date":"2023-12-21T14:57:40","date_gmt":"2023-12-21T13:57:40","guid":{"rendered":"https:\/\/folkmedia.neptanc.ro\/mediatar\/dvd-kollekcio-magyarpalatka-2-004501\/"},"modified":"2023-12-21T17:24:27","modified_gmt":"2023-12-21T16:24:27","slug":"dvd-kollekcio-magyarpalatka-2-004501","status":"publish","type":"post","link":"https:\/\/folkmedia.neptanc.ro\/en\/mediatar\/dvd-kollekcio-magyarpalatka-2-004501\/","title":{"rendered":"DVD kollekci\u00f3: Magyarpalatka 2. [00:45:01]"},"content":{"rendered":"<p>1.\t\u201dLass\u00fa cig\u00e1nyt\u00e1nc\u201d, \u201dritka cs\u00e1rd\u00e1s\u201d, \u201dritka sz\u00f6k\u0151s\u201e<br \/>\n2.\t\u201dRitka magyar\u201d, \u201ds\u0171r\u0171 magyar\u201d<br \/>\n3.\t\u201dS\u0171r\u0171 magyar\u201d, \u201dverbunk\u201d<br \/>\n4.\t\u201dT\u00e2rn\u0103veana\u201d<br \/>\n5.\t\u201dS\u0171r\u0171 magyar\u201d (B\u00e9la Kodoba dance)<br \/>\n6.\t\u201dS\u0171r\u0171 magyar\u201d (\u015etefan Moldovan dance)<br \/>\n7.\t\u201dT\u00e2rn\u0103veana\u201d (Lajos Matingo dance)<br \/>\n8.\t\u201dT\u00e2rn\u0103veana\u201d (Martin M\u00e1csong\u00f3 dance)<br \/>\n9.\t\u201dT\u00e2rn\u0103veana\u201d (Florin Codoba dance)<br \/>\n10.\t\u201dRom\u00e2ne\u0219te-n bot\u0103\u201d (\u015etefan Moldovan dance)<br \/>\n11.\t\u201dRitka magyar\u201d (Lajos Matingo dance)<br \/>\n12.\t\u201dT\u00e2rn\u0103veana\u201d (Florin Codoba dance)<br \/>\n13.\t\u201dRitka sz\u00f6k\u0151s\u201d, \u201ds\u0171r\u0171 cs\u00e1rd\u00e1s\u201d<br \/>\n14.\t\u201dLass\u00fa cig\u00e1nyt\u00e1nc\u201d, \u201dritka cs\u00e1rd\u00e1s\u201d, \u201dritka sz\u00f6k\u0151s\u201d(stage performance)<br \/>\nThe recordigns were made on the Traditional Dance and Music Festival, in the hall room of the H\u00e1romsz\u00e9k Ensemble.<\/p>","protected":false},"excerpt":{"rendered":"","protected":false},"author":1,"featured_media":2170,"comment_status":"open","ping_status":"open","sticky":false,"template":"","format":"standard","meta":{"_acf_changed":false,"footnotes":""},"categories":[2],"tags":[],"eloadok":[2930,2910,2900,2899,2904,3193,3197,3195,3196,3595,3194,2911,3192],"regio":[3676],"tancdialektus":[3682],"tanctipus":[],"zenetipus":[],"class_list":["post-4017","post","type-post","status-publish","format-standard","has-post-thumbnail","hentry","category-mozgokep","eloadok-boldi-ioan-nelu","eloadok-codoba-marton-florin","eloadok-kodoba-bela","eloadok-kodoba-marton-martin","eloadok-konczei-arpad","eloadok-kutas-anna","eloadok-macsingo-martin-karcsi","eloadok-matingo-lajos","eloadok-moldovan-stefan","eloadok-nagy-jozsef-3","eloadok-nagy-levete","eloadok-pavai-istvan","eloadok-varro-rozalia","regio-mezoseg","tancdialektus-mezosegi"],"acf":[],"_links":{"self":[{"href":"https:\/\/folkmedia.neptanc.ro\/en\/wp-json\/wp\/v2\/posts\/4017","targetHints":{"allow":["GET"]}}],"collection":[{"href":"https:\/\/folkmedia.neptanc.ro\/en\/wp-json\/wp\/v2\/posts"}],"about":[{"href":"https:\/\/folkmedia.neptanc.ro\/en\/wp-json\/wp\/v2\/types\/post"}],"author":[{"embeddable":true,"href":"https:\/\/folkmedia.neptanc.ro\/en\/wp-json\/wp\/v2\/users\/1"}],"replies":[{"embeddable":true,"href":"https:\/\/folkmedia.neptanc.ro\/en\/wp-json\/wp\/v2\/comments?post=4017"}],"version-history":[{"count":2,"href":"https:\/\/folkmedia.neptanc.ro\/en\/wp-json\/wp\/v2\/posts\/4017\/revisions"}],"predecessor-version":[{"id":4403,"href":"https:\/\/folkmedia.neptanc.ro\/en\/wp-json\/wp\/v2\/posts\/4017\/revisions\/4403"}],"wp:featuredmedia":[{"embeddable":true,"href":"https:\/\/folkmedia.neptanc.ro\/en\/wp-json\/wp\/v2\/media\/2170"}],"wp:attachment":[{"href":"https:\/\/folkmedia.neptanc.ro\/en\/wp-json\/wp\/v2\/media?parent=4017"}],"wp:term":[{"taxonomy":"category","embeddable":true,"href":"https:\/\/folkmedia.neptanc.ro\/en\/wp-json\/wp\/v2\/categories?post=4017"},{"taxonomy":"post_tag","embeddable":true,"href":"https:\/\/folkmedia.neptanc.ro\/en\/wp-json\/wp\/v2\/tags?post=4017"},{"taxonomy":"eloadok","embeddable":true,"href":"https:\/\/folkmedia.neptanc.ro\/en\/wp-json\/wp\/v2\/eloadok?post=4017"},{"taxonomy":"regio","embeddable":true,"href":"https:\/\/folkmedia.neptanc.ro\/en\/wp-json\/wp\/v2\/regio?post=4017"},{"taxonomy":"tancdialektus","embeddable":true,"href":"https:\/\/folkmedia.neptanc.ro\/en\/wp-json\/wp\/v2\/tancdialektus?post=4017"},{"taxonomy":"tanctipus","embeddable":true,"href":"https:\/\/folkmedia.neptanc.ro\/en\/wp-json\/wp\/v2\/tanctipus?post=4017"},{"taxonomy":"zenetipus","embeddable":true,"href":"https:\/\/folkmedia.neptanc.ro\/en\/wp-json\/wp\/v2\/zenetipus?post=4017"}],"curies":[{"name":"wp","href":"https:\/\/api.w.org\/{rel}","templated":true}]}}