{"id":4015,"date":"2023-12-21T14:57:40","date_gmt":"2023-12-21T13:57:40","guid":{"rendered":"https:\/\/folkmedia.neptanc.ro\/mediatar\/dvd-kollekcio-magyarszovat-3-004731\/"},"modified":"2023-12-21T17:25:41","modified_gmt":"2023-12-21T16:25:41","slug":"dvd-kollekcio-magyarszovat-3-004731","status":"publish","type":"post","link":"https:\/\/folkmedia.neptanc.ro\/en\/mediatar\/dvd-kollekcio-magyarszovat-3-004731\/","title":{"rendered":"DVD kollekci\u00f3: Magyarszov\u00e1t 3. [00:47:31]"},"content":{"rendered":"<p>1.\t\u201dKatonak\u00eds\u00e9r\u0151\u201d from Suatu with singing and instrumental music (Anna Csete, M\u00e1ria T\u00f3th &#8211; so\u021bia lui \u201eL\u00e1li\u201d J\u00f3zsef Maneszes voice)<br \/>\n\u2022\t\u201eA p\u00e1v\u00e1nak h\u00e1rom tolla aranyos&#8230;\u201d<br \/>\n2.\t\u201dRitka cs\u00e1rd\u00e1s\u201d with singing and instrumental music (Anna Csete, M\u00e1ria T\u00f3th &#8211; wife of \u201eL\u00e1li\u201d J\u00f3zsef Maneszes voice)<br \/>\n\u2022\t\u201eMeg kell a b\u00faz\u00e1nak \u00e9rni&#8230;\u201d<br \/>\n3.\tGypsy dance \u201dLass\u00fa cig\u00e1nyt\u00e1nc\u201d and \u201dritka cs\u00e1rd\u00e1s\u201d with instrumental music, singing and shoutings (Anna Csete, M\u00e1ria T\u00f3th &#8211; wife of \u201eL\u00e1li\u201d J\u00f3zsef Maneszes voice, shoutings)<br \/>\n\u2022\t\u201eMagasan rep\u00fcl a daru, magasan rep\u00fcl a daru, sz\u00e9pen sz\u00f3l&#8230;\u201d<br \/>\n\u2022\t\u201eOda fenn a hegytet\u0151n&#8230;\u201d<br \/>\n4.\tSong, Gypsy dance \u201dlass\u00fa\u201d, \u201dritka cs\u00e1rd\u00e1s\u201d, \u201ds\u0171r\u0171 cs\u00e1rd\u00e1s\u201d with singing, instrumental music, dance and shoutings (in collaboration with Istv\u00e1n P\u00e1vai)<br \/>\n\u2022\t\u201e\u00c9desany\u00e1m, hol fogok \u00e9n meghalni&#8230;\u201d (song)<br \/>\n\u2022\t\u201eAzt gondolod, bab\u00e1m, s\u00edrok&#8230;\u201d (\u201dritka cs\u00e1rd\u00e1s\u201d)<br \/>\n\u2022\t\u201eKicsi tulok, nagy a j\u00e1rom&#8230;\u201d (\u201dritka cs\u00e1rd\u00e1s\u201d)<br \/>\n\u2022\t\u201eA ruc\u00e1nak mit\u0151l s\u00e1ros a tolla&#8230;\u201d (\u201dritka cs\u00e1rd\u00e1s\u201d)<br \/>\n5.\tStage performance:<br \/>\n\u2022\tInformants&#8217; introduction<br \/>\n\u2022\t\u201dRitkacs\u00e1rd\u00e1s\u201d, \u201dritka sz\u00f6k\u0151s\u201d<br \/>\n\u2022\t\u201dS\u0171r\u0171 magyar\u201d (dancers Ioan \u201eEndre\u201d Vintil\u0103, \u00c1rp\u00e1d Csengeri, J\u00e1nos Botez\u00e1n, musicians of \u00dcszt\u00fcr\u00fc band)<br \/>\n\u2022\t\u201dRitka sz\u00f6k\u0151s\u201d<br \/>\nThe recordigns were made on the Traditional Dance and Music Festival, in the hall room of the H\u00e1romsz\u00e9k Ensemble.<\/p>","protected":false},"excerpt":{"rendered":"","protected":false},"author":1,"featured_media":2178,"comment_status":"open","ping_status":"open","sticky":false,"template":"","format":"standard","meta":{"_acf_changed":false,"footnotes":""},"categories":[2],"tags":[],"eloadok":[2963,2962,2960,2959,2904,2958,2961,3191,2957,2911,2964],"regio":[3676],"tancdialektus":[3682],"tanctipus":[],"zenetipus":[],"class_list":["post-4015","post","type-post","status-publish","format-standard","has-post-thumbnail","hentry","category-mozgokep","eloadok-botezan-janos","eloadok-csengeri-arpad","eloadok-csete-szekely-anna","eloadok-csete-istvan","eloadok-konczei-arpad","eloadok-maneszes-toth-maria-lali","eloadok-maneszes-marton","eloadok-mezei-janos","eloadok-nagy-istvan-szucs","eloadok-pavai-istvan","eloadok-vintila-ioan-endre","regio-mezoseg","tancdialektus-mezosegi"],"acf":[],"_links":{"self":[{"href":"https:\/\/folkmedia.neptanc.ro\/en\/wp-json\/wp\/v2\/posts\/4015","targetHints":{"allow":["GET"]}}],"collection":[{"href":"https:\/\/folkmedia.neptanc.ro\/en\/wp-json\/wp\/v2\/posts"}],"about":[{"href":"https:\/\/folkmedia.neptanc.ro\/en\/wp-json\/wp\/v2\/types\/post"}],"author":[{"embeddable":true,"href":"https:\/\/folkmedia.neptanc.ro\/en\/wp-json\/wp\/v2\/users\/1"}],"replies":[{"embeddable":true,"href":"https:\/\/folkmedia.neptanc.ro\/en\/wp-json\/wp\/v2\/comments?post=4015"}],"version-history":[{"count":2,"href":"https:\/\/folkmedia.neptanc.ro\/en\/wp-json\/wp\/v2\/posts\/4015\/revisions"}],"predecessor-version":[{"id":4407,"href":"https:\/\/folkmedia.neptanc.ro\/en\/wp-json\/wp\/v2\/posts\/4015\/revisions\/4407"}],"wp:featuredmedia":[{"embeddable":true,"href":"https:\/\/folkmedia.neptanc.ro\/en\/wp-json\/wp\/v2\/media\/2178"}],"wp:attachment":[{"href":"https:\/\/folkmedia.neptanc.ro\/en\/wp-json\/wp\/v2\/media?parent=4015"}],"wp:term":[{"taxonomy":"category","embeddable":true,"href":"https:\/\/folkmedia.neptanc.ro\/en\/wp-json\/wp\/v2\/categories?post=4015"},{"taxonomy":"post_tag","embeddable":true,"href":"https:\/\/folkmedia.neptanc.ro\/en\/wp-json\/wp\/v2\/tags?post=4015"},{"taxonomy":"eloadok","embeddable":true,"href":"https:\/\/folkmedia.neptanc.ro\/en\/wp-json\/wp\/v2\/eloadok?post=4015"},{"taxonomy":"regio","embeddable":true,"href":"https:\/\/folkmedia.neptanc.ro\/en\/wp-json\/wp\/v2\/regio?post=4015"},{"taxonomy":"tancdialektus","embeddable":true,"href":"https:\/\/folkmedia.neptanc.ro\/en\/wp-json\/wp\/v2\/tancdialektus?post=4015"},{"taxonomy":"tanctipus","embeddable":true,"href":"https:\/\/folkmedia.neptanc.ro\/en\/wp-json\/wp\/v2\/tanctipus?post=4015"},{"taxonomy":"zenetipus","embeddable":true,"href":"https:\/\/folkmedia.neptanc.ro\/en\/wp-json\/wp\/v2\/zenetipus?post=4015"}],"curies":[{"name":"wp","href":"https:\/\/api.w.org\/{rel}","templated":true}]}}