{"id":4014,"date":"2023-12-21T14:57:12","date_gmt":"2023-12-21T13:57:12","guid":{"rendered":"https:\/\/folkmedia.neptanc.ro\/mediatar\/dvd-kollekcio-magyarszovat-2-004537\/"},"modified":"2023-12-21T17:26:04","modified_gmt":"2023-12-21T16:26:04","slug":"dvd-kollekcio-magyarszovat-2-004537","status":"publish","type":"post","link":"https:\/\/folkmedia.neptanc.ro\/en\/mediatar\/dvd-kollekcio-magyarszovat-2-004537\/","title":{"rendered":"DVD kollekci\u00f3: Magyarszov\u00e1t 2. [00:45:37]"},"content":{"rendered":"<p>1.\t\u201dMagyar\u201d (\u201dn\u00e9gyes\u201d) with singing and instrumental music (M\u00e1rton Maneszes, voice)<br \/>\n\u2022\t\u201e\u00c9desany\u00e1m sok sz\u00e9p szava&#8230;\u201d<br \/>\n2.\t\u201dMagyar\u201d (\u201dn\u00e9gyes\u201d) with singing and instrumental music (M\u00e1rton Maneszes, voice)<br \/>\n\u2022\t\u201eTiltnak, bab\u00e1m, tiltnak t\u0151led&#8230;\u201d<br \/>\n\u2022\t\u201eFeh\u00e9r galamb sz\u00e1llt a h\u00e1zra&#8230;\u201d<br \/>\n3.\t\u201dMagyar\u201d (\u201dn\u00e9gyes\u201d) and \u201ds\u0171r\u0171 magyar\u201d with instrumental music<br \/>\n4.\t\u201dMagyar\u201d (\u201dn\u00e9gyes\u201d) and \u201ds\u0171r\u0171 magyar\u201d with instrumental music<br \/>\n5.\tGypsy dance \u201dLass\u00fa cig\u00e1nyt\u00e1nc\u201d with singing and instrumental music (M\u00e1rton Maneszes, voice)<br \/>\n\u2022\t\u201eSaj\u00f3 kuty\u00e1m, jaj, de m\u00e9lyen, jaj, de m\u00e9lyen aluszol&#8230;\u201d<br \/>\n\u2022\t\u201eHogyha tudtad, hogy nem szeretsz sz\u00edvedb\u0151l&#8230;\u201d<br \/>\n6.\t\u201dDe-alungu\u201d, \u201db\u0103rbunc rar\u201d, \u201db\u0103tut\u0103\u201d<br \/>\n7.\tGypsy dance \u201d\u021aig\u0103ne\u0219te rar\u201d, \u201db\u0103tut\u0103\u201d<br \/>\nThe recordigns were made on the Traditional Dance and Music Festival, in the hall room of the H\u00e1romsz\u00e9k Ensemble.<\/p>","protected":false},"excerpt":{"rendered":"","protected":false},"author":1,"featured_media":2177,"comment_status":"open","ping_status":"open","sticky":false,"template":"","format":"standard","meta":{"_acf_changed":false,"footnotes":""},"categories":[2],"tags":[],"eloadok":[2963,2962,2960,2959,2904,2958,2961,3191,2957,2911,2964],"regio":[3676],"tancdialektus":[3682],"tanctipus":[],"zenetipus":[],"class_list":["post-4014","post","type-post","status-publish","format-standard","has-post-thumbnail","hentry","category-mozgokep","eloadok-botezan-janos","eloadok-csengeri-arpad","eloadok-csete-szekely-anna","eloadok-csete-istvan","eloadok-konczei-arpad","eloadok-maneszes-toth-maria-lali","eloadok-maneszes-marton","eloadok-mezei-janos","eloadok-nagy-istvan-szucs","eloadok-pavai-istvan","eloadok-vintila-ioan-endre","regio-mezoseg","tancdialektus-mezosegi"],"acf":[],"_links":{"self":[{"href":"https:\/\/folkmedia.neptanc.ro\/en\/wp-json\/wp\/v2\/posts\/4014","targetHints":{"allow":["GET"]}}],"collection":[{"href":"https:\/\/folkmedia.neptanc.ro\/en\/wp-json\/wp\/v2\/posts"}],"about":[{"href":"https:\/\/folkmedia.neptanc.ro\/en\/wp-json\/wp\/v2\/types\/post"}],"author":[{"embeddable":true,"href":"https:\/\/folkmedia.neptanc.ro\/en\/wp-json\/wp\/v2\/users\/1"}],"replies":[{"embeddable":true,"href":"https:\/\/folkmedia.neptanc.ro\/en\/wp-json\/wp\/v2\/comments?post=4014"}],"version-history":[{"count":2,"href":"https:\/\/folkmedia.neptanc.ro\/en\/wp-json\/wp\/v2\/posts\/4014\/revisions"}],"predecessor-version":[{"id":4409,"href":"https:\/\/folkmedia.neptanc.ro\/en\/wp-json\/wp\/v2\/posts\/4014\/revisions\/4409"}],"wp:featuredmedia":[{"embeddable":true,"href":"https:\/\/folkmedia.neptanc.ro\/en\/wp-json\/wp\/v2\/media\/2177"}],"wp:attachment":[{"href":"https:\/\/folkmedia.neptanc.ro\/en\/wp-json\/wp\/v2\/media?parent=4014"}],"wp:term":[{"taxonomy":"category","embeddable":true,"href":"https:\/\/folkmedia.neptanc.ro\/en\/wp-json\/wp\/v2\/categories?post=4014"},{"taxonomy":"post_tag","embeddable":true,"href":"https:\/\/folkmedia.neptanc.ro\/en\/wp-json\/wp\/v2\/tags?post=4014"},{"taxonomy":"eloadok","embeddable":true,"href":"https:\/\/folkmedia.neptanc.ro\/en\/wp-json\/wp\/v2\/eloadok?post=4014"},{"taxonomy":"regio","embeddable":true,"href":"https:\/\/folkmedia.neptanc.ro\/en\/wp-json\/wp\/v2\/regio?post=4014"},{"taxonomy":"tancdialektus","embeddable":true,"href":"https:\/\/folkmedia.neptanc.ro\/en\/wp-json\/wp\/v2\/tancdialektus?post=4014"},{"taxonomy":"tanctipus","embeddable":true,"href":"https:\/\/folkmedia.neptanc.ro\/en\/wp-json\/wp\/v2\/tanctipus?post=4014"},{"taxonomy":"zenetipus","embeddable":true,"href":"https:\/\/folkmedia.neptanc.ro\/en\/wp-json\/wp\/v2\/zenetipus?post=4014"}],"curies":[{"name":"wp","href":"https:\/\/api.w.org\/{rel}","templated":true}]}}