{"id":4013,"date":"2023-12-21T14:57:12","date_gmt":"2023-12-21T13:57:12","guid":{"rendered":"https:\/\/folkmedia.neptanc.ro\/mediatar\/dvd-kollekcio-magyarszovat-1-004838\/"},"modified":"2023-12-21T17:26:24","modified_gmt":"2023-12-21T16:26:24","slug":"dvd-kollekcio-magyarszovat-1-004838","status":"publish","type":"post","link":"https:\/\/folkmedia.neptanc.ro\/en\/mediatar\/dvd-kollekcio-magyarszovat-1-004838\/","title":{"rendered":"DVD kollekci\u00f3: Magyarszov\u00e1t 1. [00:48:38]"},"content":{"rendered":"<p>1.\tInformants&#8217; introduction and giving their birth details<br \/>\n2.\t\u201dVonul\u00f3s sz\u00e1szka\u201d, \u201dkapuz\u00f3s sz\u00e1szka\u201d, \u201dritka sz\u00f6k\u0151s\u201d<br \/>\n3.\t\u201dRitka cs\u00e1rd\u00e1s\u201d, \u201dcsinger\u00e1l\u00e1s\u201d<br \/>\n4.\t\u201dRitka cs\u00e1rd\u00e1s\u201d, \u201ds\u0171r\u0171 cs\u00e1rd\u00e1s\u201d<br \/>\n5.\t\u201dSz\u00f6k\u0151s\u201d, \u201dt\u00e2rn\u0103veana\u201d<br \/>\n6.\t\u201dS\u0171r\u0171 cs\u00e1rd\u00e1s\u201d<br \/>\n7.\t\u201dMagyar cs\u00e1rd\u00e1s\u201d, \u201dritka sz\u00f6k\u0151s\u201d, \u201dt\u00e2rn\u0103veana\u201d<br \/>\n8.\t\u201dH\u00e9tl\u00e9p\u00e9s\u201d<br \/>\n9.\t\u201dT\u00e2rn\u0103veana\u201d<br \/>\n10.\t\u201dT\u00e2rn\u0103veana\u201d<br \/>\nMusic collaborators: Istv\u00e1n P\u00e1vai (viola) and \u00dcszt\u00fcr\u00fc band &#8211; Levente Istv\u00e1n Major and Istv\u00e1n Moldov\u00e1n Horv\u00e1th (violin)<br \/>\nJ\u00f3zsef \u00c1rp\u00e1d Sz\u00e1sz and Csongor K\u00f6nczei (viola)<br \/>\nL\u0151rinc Sz\u00e1sz (doublebass)<br \/>\nThe recordigns were made on the Traditional Dance and Music Festival, in the hall room of the H\u00e1romsz\u00e9k Ensemble.<\/p>","protected":false},"excerpt":{"rendered":"","protected":false},"author":1,"featured_media":2182,"comment_status":"open","ping_status":"open","sticky":false,"template":"","format":"standard","meta":{"_acf_changed":false,"footnotes":""},"categories":[2],"tags":[],"eloadok":[2963,2962,2960,2959,2904,2958,2961,3191,2957,2911,2964],"regio":[3676],"tancdialektus":[3682],"tanctipus":[],"zenetipus":[],"class_list":["post-4013","post","type-post","status-publish","format-standard","has-post-thumbnail","hentry","category-mozgokep","eloadok-botezan-janos","eloadok-csengeri-arpad","eloadok-csete-szekely-anna","eloadok-csete-istvan","eloadok-konczei-arpad","eloadok-maneszes-toth-maria-lali","eloadok-maneszes-marton","eloadok-mezei-janos","eloadok-nagy-istvan-szucs","eloadok-pavai-istvan","eloadok-vintila-ioan-endre","regio-mezoseg","tancdialektus-mezosegi"],"acf":[],"_links":{"self":[{"href":"https:\/\/folkmedia.neptanc.ro\/en\/wp-json\/wp\/v2\/posts\/4013","targetHints":{"allow":["GET"]}}],"collection":[{"href":"https:\/\/folkmedia.neptanc.ro\/en\/wp-json\/wp\/v2\/posts"}],"about":[{"href":"https:\/\/folkmedia.neptanc.ro\/en\/wp-json\/wp\/v2\/types\/post"}],"author":[{"embeddable":true,"href":"https:\/\/folkmedia.neptanc.ro\/en\/wp-json\/wp\/v2\/users\/1"}],"replies":[{"embeddable":true,"href":"https:\/\/folkmedia.neptanc.ro\/en\/wp-json\/wp\/v2\/comments?post=4013"}],"version-history":[{"count":2,"href":"https:\/\/folkmedia.neptanc.ro\/en\/wp-json\/wp\/v2\/posts\/4013\/revisions"}],"predecessor-version":[{"id":4411,"href":"https:\/\/folkmedia.neptanc.ro\/en\/wp-json\/wp\/v2\/posts\/4013\/revisions\/4411"}],"wp:featuredmedia":[{"embeddable":true,"href":"https:\/\/folkmedia.neptanc.ro\/en\/wp-json\/wp\/v2\/media\/2182"}],"wp:attachment":[{"href":"https:\/\/folkmedia.neptanc.ro\/en\/wp-json\/wp\/v2\/media?parent=4013"}],"wp:term":[{"taxonomy":"category","embeddable":true,"href":"https:\/\/folkmedia.neptanc.ro\/en\/wp-json\/wp\/v2\/categories?post=4013"},{"taxonomy":"post_tag","embeddable":true,"href":"https:\/\/folkmedia.neptanc.ro\/en\/wp-json\/wp\/v2\/tags?post=4013"},{"taxonomy":"eloadok","embeddable":true,"href":"https:\/\/folkmedia.neptanc.ro\/en\/wp-json\/wp\/v2\/eloadok?post=4013"},{"taxonomy":"regio","embeddable":true,"href":"https:\/\/folkmedia.neptanc.ro\/en\/wp-json\/wp\/v2\/regio?post=4013"},{"taxonomy":"tancdialektus","embeddable":true,"href":"https:\/\/folkmedia.neptanc.ro\/en\/wp-json\/wp\/v2\/tancdialektus?post=4013"},{"taxonomy":"tanctipus","embeddable":true,"href":"https:\/\/folkmedia.neptanc.ro\/en\/wp-json\/wp\/v2\/tanctipus?post=4013"},{"taxonomy":"zenetipus","embeddable":true,"href":"https:\/\/folkmedia.neptanc.ro\/en\/wp-json\/wp\/v2\/zenetipus?post=4013"}],"curies":[{"name":"wp","href":"https:\/\/api.w.org\/{rel}","templated":true}]}}