{"id":4010,"date":"2023-12-21T14:57:12","date_gmt":"2023-12-21T13:57:12","guid":{"rendered":"https:\/\/folkmedia.neptanc.ro\/mediatar\/dvd-kollekcio-csikszentdomokos-4-csikkarcfalva-003424\/"},"modified":"2023-12-21T14:57:12","modified_gmt":"2023-12-21T13:57:12","slug":"dvd-kollekcio-csikszentdomokos-4-csikkarcfalva-003424","status":"publish","type":"post","link":"https:\/\/folkmedia.neptanc.ro\/en\/mediatar\/dvd-kollekcio-csikszentdomokos-4-csikkarcfalva-003424\/","title":{"rendered":"DVD kollekci\u00f3: Cs\u00edkszentdomokos 4, Cs\u00edkkarcfalva [00:34:24]"},"content":{"rendered":"<p>1.\tsz\u00ednpadi t\u00e1ncbemutat\u00f3 (S\u00e2ndominic)<br \/>\n\u2022\tconversation with \u00c1goston B\u00edr\u00f3 about the dance occasions in S\u00e2ndominic<br \/>\n\u2022\t\u201dlass\u00fa cs\u00e1rd\u00e1s\u201d<br \/>\n\u2022\tconversation with Erzs\u00e9bet Kedves about the traditional dancers<br \/>\n\u2022\t\u201dsbes cs\u00e1rd\u00e1s\u201d<br \/>\n\u2022\t\u201df\u00e9lol\u00e1hos\u201d, \u201dorosz zsuka\u201d (\u00c1goston \u201eZsuk\u00e1s Guszti\u201d B\u00edr\u00f3)<br \/>\n\u2022\t\u201dlass\u00fa\u201d and \u201dsebes cs\u00e1rd\u00e1s\u201d<br \/>\n(in collaboration with the H\u00e1romsz\u00e9k Ensemble&#8217;s dancers)<br \/>\n\u2022\t\u201dF\u00e9lol\u00e1hos\u201d (\u00c1goston \u201eZsuk\u00e1s Guszti\u201d B\u00edr\u00f3)<br \/>\n2.\tstage dance performance (C\u00e2r\u021ba)<br \/>\n\u2022\tinformants&#8217; introduction, naming the dances<br \/>\n\u2022\t\u201dlass\u00fa cs\u00e1rd\u00e1s\u201d<br \/>\n\u2022\tconversation with Andr\u00e1s Antal about the occasions of dance<br \/>\n\u2022\t\u201dlass\u00fa\u201d and \u201dsebes cs\u00e1rd\u00e1s\u201d<br \/>\n\u2022\t\u201dsebes cs\u00e1rd\u00e1s\u201d<br \/>\nThe recordigns were made on the Traditional Dance and Music Festival, in the hall room of the H\u00e1romsz\u00e9k Ensemble. The stage host was \u00c1rp\u00e1d K\u00f6nczei.<\/p>","protected":false},"excerpt":{"rendered":"","protected":false},"author":1,"featured_media":2165,"comment_status":"open","ping_status":"open","sticky":false,"template":"","format":"standard","meta":{"_acf_changed":false,"footnotes":""},"categories":[2],"tags":[],"eloadok":[2944,3189,3188,2946,2945,2947,2948,2950,2956,3185,3184,2904,2911,3187,3186,2955,2949,2952,2953,2954],"regio":[3693],"tancdialektus":[3694],"tanctipus":[],"zenetipus":[],"class_list":["post-4010","post","type-post","status-publish","format-standard","has-post-thumbnail","hentry","category-mozgokep","eloadok-albert-gergely","eloadok-antal-korda-ilona","eloadok-antal-andras","eloadok-balint-vilmos","eloadok-bara-rozalia","eloadok-biro-agoston-zsukas-guszti","eloadok-biro-erzsebet","eloadok-bodo-marcsella","eloadok-duduj-rozalia-malacos","eloadok-gal-anna","eloadok-gal-denes","eloadok-konczei-arpad","eloadok-pavai-istvan","eloadok-simon-kedves-agnes","eloadok-simon-istvan","eloadok-sinka-sandor-demeter","eloadok-szabo-biro-rozalia","eloadok-szabo-illes","eloadok-tamas-anna","eloadok-tamas-ferenc","regio-felcsik","tancdialektus-felcsiki"],"acf":[],"_links":{"self":[{"href":"https:\/\/folkmedia.neptanc.ro\/en\/wp-json\/wp\/v2\/posts\/4010","targetHints":{"allow":["GET"]}}],"collection":[{"href":"https:\/\/folkmedia.neptanc.ro\/en\/wp-json\/wp\/v2\/posts"}],"about":[{"href":"https:\/\/folkmedia.neptanc.ro\/en\/wp-json\/wp\/v2\/types\/post"}],"author":[{"embeddable":true,"href":"https:\/\/folkmedia.neptanc.ro\/en\/wp-json\/wp\/v2\/users\/1"}],"replies":[{"embeddable":true,"href":"https:\/\/folkmedia.neptanc.ro\/en\/wp-json\/wp\/v2\/comments?post=4010"}],"version-history":[{"count":0,"href":"https:\/\/folkmedia.neptanc.ro\/en\/wp-json\/wp\/v2\/posts\/4010\/revisions"}],"wp:featuredmedia":[{"embeddable":true,"href":"https:\/\/folkmedia.neptanc.ro\/en\/wp-json\/wp\/v2\/media\/2165"}],"wp:attachment":[{"href":"https:\/\/folkmedia.neptanc.ro\/en\/wp-json\/wp\/v2\/media?parent=4010"}],"wp:term":[{"taxonomy":"category","embeddable":true,"href":"https:\/\/folkmedia.neptanc.ro\/en\/wp-json\/wp\/v2\/categories?post=4010"},{"taxonomy":"post_tag","embeddable":true,"href":"https:\/\/folkmedia.neptanc.ro\/en\/wp-json\/wp\/v2\/tags?post=4010"},{"taxonomy":"eloadok","embeddable":true,"href":"https:\/\/folkmedia.neptanc.ro\/en\/wp-json\/wp\/v2\/eloadok?post=4010"},{"taxonomy":"regio","embeddable":true,"href":"https:\/\/folkmedia.neptanc.ro\/en\/wp-json\/wp\/v2\/regio?post=4010"},{"taxonomy":"tancdialektus","embeddable":true,"href":"https:\/\/folkmedia.neptanc.ro\/en\/wp-json\/wp\/v2\/tancdialektus?post=4010"},{"taxonomy":"tanctipus","embeddable":true,"href":"https:\/\/folkmedia.neptanc.ro\/en\/wp-json\/wp\/v2\/tanctipus?post=4010"},{"taxonomy":"zenetipus","embeddable":true,"href":"https:\/\/folkmedia.neptanc.ro\/en\/wp-json\/wp\/v2\/zenetipus?post=4010"}],"curies":[{"name":"wp","href":"https:\/\/api.w.org\/{rel}","templated":true}]}}