{"id":4008,"date":"2023-12-21T14:57:12","date_gmt":"2023-12-21T13:57:12","guid":{"rendered":"https:\/\/folkmedia.neptanc.ro\/mediatar\/dvd-kollekcio-csikszentdomokos-2-003450\/"},"modified":"2023-12-21T17:27:16","modified_gmt":"2023-12-21T16:27:16","slug":"dvd-kollekcio-csikszentdomokos-2-003450","status":"publish","type":"post","link":"https:\/\/folkmedia.neptanc.ro\/en\/mediatar\/dvd-kollekcio-csikszentdomokos-2-003450\/","title":{"rendered":"DVD kollekci\u00f3: Cs\u00edkszentdomokos 2. [00:34:50]"},"content":{"rendered":"<p>1.\t\u201dg\u00f3lya\u201d, broom dance (\u201dv\u00e1ltoztat\u00f3s\u201d), \u201d\u00f6regzsid\u00f3s\u201d<br \/>\n2.\t\u201dmedv\u00e9s\u201d (Ferenc Tam\u00e1s, \u00c1goston \u201eZsuk\u00e1s Guszti\u201d B\u00edr\u00f3)<br \/>\n3.\t\u201dlass\u00fa\u201d and \u201dsebes cs\u00e1rd\u00e1s\u201d<br \/>\n4.\t\u201dcepper\u201d<br \/>\n5.\t\u201dkezes\u201d (Erzs\u00e9bet B\u00edr\u00f3, \u00c1goston \u201eZsuk\u00e1s Guszti\u201d B\u00edr\u00f3)<br \/>\n6.\t\u201dorosz zsuka\u201d (Gergely Albert)<br \/>\n7.\t\u201dorosz zsuka\u201d (Ill\u00e9s Szab\u00f3)<br \/>\n8.\t\u201dgyors polka\u201d<br \/>\n9.\t\u201dmarossz\u00e9ki\u201d<br \/>\n10.\t\u201dmennybemen\u0151s\u201d<br \/>\n11.\t\u201dhejsza\u201d<br \/>\nThe recordigns were made on the Traditional Dance and Music Festival, in the hall room of the H\u00e1romsz\u00e9k Ensemble. The stage host was \u00c1rp\u00e1d K\u00f6nczei.<\/p>","protected":false},"excerpt":{"rendered":"","protected":false},"author":1,"featured_media":2196,"comment_status":"open","ping_status":"open","sticky":false,"template":"","format":"standard","meta":{"_acf_changed":false,"footnotes":""},"categories":[2],"tags":[],"eloadok":[2944,2946,2945,2947,2950,2956,2904,2911,2955,2952,2953],"regio":[3693],"tancdialektus":[3694],"tanctipus":[],"zenetipus":[],"class_list":["post-4008","post","type-post","status-publish","format-standard","has-post-thumbnail","hentry","category-mozgokep","eloadok-albert-gergely","eloadok-balint-vilmos","eloadok-bara-rozalia","eloadok-biro-agoston-zsukas-guszti","eloadok-bodo-marcsella","eloadok-duduj-rozalia-malacos","eloadok-konczei-arpad","eloadok-pavai-istvan","eloadok-sinka-sandor-demeter","eloadok-szabo-illes","eloadok-tamas-anna","regio-felcsik","tancdialektus-felcsiki"],"acf":[],"_links":{"self":[{"href":"https:\/\/folkmedia.neptanc.ro\/en\/wp-json\/wp\/v2\/posts\/4008","targetHints":{"allow":["GET"]}}],"collection":[{"href":"https:\/\/folkmedia.neptanc.ro\/en\/wp-json\/wp\/v2\/posts"}],"about":[{"href":"https:\/\/folkmedia.neptanc.ro\/en\/wp-json\/wp\/v2\/types\/post"}],"author":[{"embeddable":true,"href":"https:\/\/folkmedia.neptanc.ro\/en\/wp-json\/wp\/v2\/users\/1"}],"replies":[{"embeddable":true,"href":"https:\/\/folkmedia.neptanc.ro\/en\/wp-json\/wp\/v2\/comments?post=4008"}],"version-history":[{"count":2,"href":"https:\/\/folkmedia.neptanc.ro\/en\/wp-json\/wp\/v2\/posts\/4008\/revisions"}],"predecessor-version":[{"id":4415,"href":"https:\/\/folkmedia.neptanc.ro\/en\/wp-json\/wp\/v2\/posts\/4008\/revisions\/4415"}],"wp:featuredmedia":[{"embeddable":true,"href":"https:\/\/folkmedia.neptanc.ro\/en\/wp-json\/wp\/v2\/media\/2196"}],"wp:attachment":[{"href":"https:\/\/folkmedia.neptanc.ro\/en\/wp-json\/wp\/v2\/media?parent=4008"}],"wp:term":[{"taxonomy":"category","embeddable":true,"href":"https:\/\/folkmedia.neptanc.ro\/en\/wp-json\/wp\/v2\/categories?post=4008"},{"taxonomy":"post_tag","embeddable":true,"href":"https:\/\/folkmedia.neptanc.ro\/en\/wp-json\/wp\/v2\/tags?post=4008"},{"taxonomy":"eloadok","embeddable":true,"href":"https:\/\/folkmedia.neptanc.ro\/en\/wp-json\/wp\/v2\/eloadok?post=4008"},{"taxonomy":"regio","embeddable":true,"href":"https:\/\/folkmedia.neptanc.ro\/en\/wp-json\/wp\/v2\/regio?post=4008"},{"taxonomy":"tancdialektus","embeddable":true,"href":"https:\/\/folkmedia.neptanc.ro\/en\/wp-json\/wp\/v2\/tancdialektus?post=4008"},{"taxonomy":"tanctipus","embeddable":true,"href":"https:\/\/folkmedia.neptanc.ro\/en\/wp-json\/wp\/v2\/tanctipus?post=4008"},{"taxonomy":"zenetipus","embeddable":true,"href":"https:\/\/folkmedia.neptanc.ro\/en\/wp-json\/wp\/v2\/zenetipus?post=4008"}],"curies":[{"name":"wp","href":"https:\/\/api.w.org\/{rel}","templated":true}]}}