{"id":3900,"date":"2023-12-21T14:55:23","date_gmt":"2023-12-21T13:55:23","guid":{"rendered":"https:\/\/folkmedia.neptanc.ro\/mediatar\/centei-feketelaki-szepkenyeruszentmartoni-lassu-es-suru-magyar-majd-hetlepes-000522\/"},"modified":"2023-12-21T14:55:23","modified_gmt":"2023-12-21T13:55:23","slug":"centei-feketelaki-szepkenyeruszentmartoni-lassu-es-suru-magyar-majd-hetlepes-000522","status":"publish","type":"post","link":"https:\/\/folkmedia.neptanc.ro\/en\/mediatar\/centei-feketelaki-szepkenyeruszentmartoni-lassu-es-suru-magyar-majd-hetlepes-000522\/","title":{"rendered":"centei, feketelaki, sz\u00e9pkenyer\u0171szentm\u00e1rtoni lass\u00fa \u00e9s s\u0171r\u0171 magyar, majd h\u00e9tl\u00e9p\u00e9s [00:05:22]"},"content":{"rendered":"<p>\u201dlass\u00fa\u201d and \u201ds\u0171r\u0171 cs\u00e1rd\u00e1s\u201d, then \u201dh\u00e9tl\u00e9p\u00e9s\u201d<\/p>","protected":false},"excerpt":{"rendered":"","protected":false},"author":1,"featured_media":2104,"comment_status":"open","ping_status":"open","sticky":false,"template":"","format":"standard","meta":{"_acf_changed":false,"footnotes":""},"categories":[2],"tags":[],"eloadok":[3135,3179,3175,3163,3162,3136,3177],"regio":[3676],"tancdialektus":[3682],"tanctipus":[3739,3734],"zenetipus":[],"class_list":["post-3900","post","type-post","status-publish","format-standard","has-post-thumbnail","hentry","category-mozgokep","eloadok-fugedi-janos","eloadok-fustos-janos","eloadok-harangozo-marton","eloadok-lakatos-aurel","eloadok-rostas-izidor","eloadok-teka-alapitvany","eloadok-varga-laszlo-balog","regio-mezoseg","tancdialektus-mezosegi","tanctipus-majd-polgari-eredetu-tarsastanc","tanctipus-regi-stilusu-paros-tanc-es-csardas"],"acf":[],"_links":{"self":[{"href":"https:\/\/folkmedia.neptanc.ro\/en\/wp-json\/wp\/v2\/posts\/3900","targetHints":{"allow":["GET"]}}],"collection":[{"href":"https:\/\/folkmedia.neptanc.ro\/en\/wp-json\/wp\/v2\/posts"}],"about":[{"href":"https:\/\/folkmedia.neptanc.ro\/en\/wp-json\/wp\/v2\/types\/post"}],"author":[{"embeddable":true,"href":"https:\/\/folkmedia.neptanc.ro\/en\/wp-json\/wp\/v2\/users\/1"}],"replies":[{"embeddable":true,"href":"https:\/\/folkmedia.neptanc.ro\/en\/wp-json\/wp\/v2\/comments?post=3900"}],"version-history":[{"count":0,"href":"https:\/\/folkmedia.neptanc.ro\/en\/wp-json\/wp\/v2\/posts\/3900\/revisions"}],"wp:featuredmedia":[{"embeddable":true,"href":"https:\/\/folkmedia.neptanc.ro\/en\/wp-json\/wp\/v2\/media\/2104"}],"wp:attachment":[{"href":"https:\/\/folkmedia.neptanc.ro\/en\/wp-json\/wp\/v2\/media?parent=3900"}],"wp:term":[{"taxonomy":"category","embeddable":true,"href":"https:\/\/folkmedia.neptanc.ro\/en\/wp-json\/wp\/v2\/categories?post=3900"},{"taxonomy":"post_tag","embeddable":true,"href":"https:\/\/folkmedia.neptanc.ro\/en\/wp-json\/wp\/v2\/tags?post=3900"},{"taxonomy":"eloadok","embeddable":true,"href":"https:\/\/folkmedia.neptanc.ro\/en\/wp-json\/wp\/v2\/eloadok?post=3900"},{"taxonomy":"regio","embeddable":true,"href":"https:\/\/folkmedia.neptanc.ro\/en\/wp-json\/wp\/v2\/regio?post=3900"},{"taxonomy":"tancdialektus","embeddable":true,"href":"https:\/\/folkmedia.neptanc.ro\/en\/wp-json\/wp\/v2\/tancdialektus?post=3900"},{"taxonomy":"tanctipus","embeddable":true,"href":"https:\/\/folkmedia.neptanc.ro\/en\/wp-json\/wp\/v2\/tanctipus?post=3900"},{"taxonomy":"zenetipus","embeddable":true,"href":"https:\/\/folkmedia.neptanc.ro\/en\/wp-json\/wp\/v2\/zenetipus?post=3900"}],"curies":[{"name":"wp","href":"https:\/\/api.w.org\/{rel}","templated":true}]}}