{"id":3832,"date":"2023-12-21T14:53:36","date_gmt":"2023-12-21T13:53:36","guid":{"rendered":"https:\/\/folkmedia.neptanc.ro\/mediatar\/revival-jellegu-musor-vi-ifjusagi-neptanctalalkozo-051353\/"},"modified":"2023-12-21T17:48:04","modified_gmt":"2023-12-21T16:48:04","slug":"revival-jellegu-musor-vi-ifjusagi-neptanctalalkozo-051353","status":"publish","type":"post","link":"https:\/\/folkmedia.neptanc.ro\/en\/mediatar\/revival-jellegu-musor-vi-ifjusagi-neptanctalalkozo-051353\/","title":{"rendered":"revival jelleg\u0171 m\u0171sor &#8211; VI. Ifj\u00fas\u00e1gi N\u00e9pt\u00e1nctal\u00e1lkoz\u00f3 [05:13:53]"},"content":{"rendered":"<p>VI. Youth Dance Ensembles Festival, the meeting of Hungarian ensembles in Cluj county in the salon of the Brassai S\u00e1muel Lyceum on April 5th 2002. The recording was made by the Bog\u00e1ncs \u2013 Zurbol\u00f3 Association. The performers in the order of appearance:<\/p>\n<p>11:00-14:00 \u2013 VI. Youth Dance Ensembles Festival (I.) <\/p>\n<p>1.\tMorzsabog\u00e1ncs Ensemble \u2013 dances from Lopadea Nou\u0103<br \/>\nInaugural of the festival. Greeting from M\u00e1ria K\u00f3sa, the pricipal of Brassai S\u00e1mue Lyceum. Csongor K\u00f6nczei speaks in the name of the organizers. The morning program&#8217;s presenter is Borb\u00e1la M\u00fcller.<br \/>\n2.\tChildren&#8217;s ensemble from Luna de Sus \u2013 dances from Felcs\u00edk region<br \/>\n3.\tApr\u00f3bog\u00e1ncs Ensemble \u2013 dances from R\u00e1bak\u00f6z region<br \/>\n4.\tChildren&#8217;s ensemble from Vii\u0219oara \u2013 children&#8217;s games<br \/>\n5.\tApr\u00f3bog\u00e1ncs Ensemble \u2013 dances from Lopadea Nou\u0103<br \/>\n6.\tChildren&#8217;s ensemble from Mera<br \/>\n7.\tKisbog\u00e1ncs Ensemble \u2013 dances from S\u00e2ncrai<br \/>\n8.\tChildren&#8217;s ensemble from S\u0103v\u0103disla<br \/>\n9.\tKisbog\u00e1ncs Ensemble \u2013 \u201dkarik\u00e1z\u00f3\u201d from S\u00e1rk\u00f6z region<br \/>\n10.\tChildren&#8217;s ensemble from Huedin<br \/>\n11.\tBog\u00e1ncs Ut\u00e1np\u00f3tl\u00e1s Ensemble \u2013 dances from Mez\u0151s\u00e9g region<br \/>\n12.\tChildren&#8217;s ensemble from S\u00e2ncrai<br \/>\nZsolt Solymosi&#8217;s speech from the Unitarian College.<br \/>\n13.\tSzam\u00f3ca Ensemble from the Unitarian College \u2013 dances from Sic<br \/>\n14.\tKiskal\u00e1ka Ensemble from Gherla \u2013 dances from Felcs\u00edk region \u2013 canned music<br \/>\n15.\tAnsamblul Bog\u00e1ncs \u2013 dansuri rom\u00e2ne\u0219ti din Cip\u0103ieni <\/p>\n<p>16:00-19:00 \u2013 VI. Youth Dance Ensembles Festival (II.)<\/p>\n<p>1.\tBog\u00e1ncs Ensemble \u2013 dances from Mera<br \/>\nZsolt Szab\u00f3&#8217;s speech, the president of the Foundation Brassai Altschulerder Brassai Gymnasium. Csongor K\u00f6nczei speaks in the name of the organizers. The morning program&#8217;s presenter is Csongor Dobri.<br \/>\n2.\tYouth ensemble from Luna de Sus<br \/>\n3.\tYouth ensemble from Mera<br \/>\n4.\t\u00d6rd\u00f6gt\u00e9rgye Ut\u00e1np\u00f3tl\u00e1s Ensemble \u2013 &#8222;cs\u00e1ng\u00f3&#8221; dances from Moldova region \u2013 music by Istv\u00e1n Orendi and friends<br \/>\n5.\tYouth ensemble from P\u0103latca  \u2013 music by the band from P\u0103latca<br \/>\n6.\tYouth ensemble from Sic<br \/>\n7.\tZurbol\u00f3 Ut\u00e1np\u00f3tl\u00e1s Ensemble \u2013 dances from Kalotaszeg region<br \/>\n8.\tSzarkal\u00e1b Ensemble \u2013 dances from M\u0103n\u0103stirea<br \/>\n9.\tKal\u00e1ka Ensemble from Gherla \u2013 dances from Mez\u0151s\u00e9g region \u2013 canned music<br \/>\n10.\tNapsug\u00e1r Ensemble from Tg. Mure\u0219 \u2013 dances from Voivodeni \u2013 music by Andr\u00e1s Sink\u00f3 and banda (Andr\u00e1s Sink\u00f3, Gyula Hunyadi B\u0151r and L\u00e1szl\u00f3 M\u00e1rton)<br \/>\n11.\tMecsek Ensemble from P\u00e9cs \u2013 music by their own band<br \/>\n12.\tNapsug\u00e1r Ensemble from Tg. Mure\u0219 \u2013 music by Andr\u00e1s Sink\u00f3 and band (Andr\u00e1s Sink\u00f3, Gyula Hunyadi B\u0151r and L\u00e1szl\u00f3 M\u00e1rton)<br \/>\nJ\u00e1nos Moln\u00e1r\u00e1s speech, the Mecsek Ensemble&#8217;s conductor.<br \/>\n13.\tMecsek Ensemble from P\u00e9cs \u2013 music by their own band<br \/>\n14.\t\u00d6rd\u00f6gt\u00e9rgye Ensemble \u2013 dances from Ozd<br \/>\n15.\tMecsek Ensemble from P\u00e9cs \u2013 T\u00f3t\u00e9k<br \/>\n16.\tZurbol\u00f3 Ensemble \u2013 Tollas Erzsi<\/p>","protected":false},"excerpt":{"rendered":"","protected":false},"author":1,"featured_media":2253,"comment_status":"open","ping_status":"open","sticky":false,"template":"","format":"standard","meta":{"_acf_changed":false,"footnotes":""},"categories":[2],"tags":[],"eloadok":[],"regio":[],"tancdialektus":[],"tanctipus":[],"zenetipus":[],"class_list":["post-3832","post","type-post","status-publish","format-standard","has-post-thumbnail","hentry","category-mozgokep"],"acf":[],"_links":{"self":[{"href":"https:\/\/folkmedia.neptanc.ro\/en\/wp-json\/wp\/v2\/posts\/3832","targetHints":{"allow":["GET"]}}],"collection":[{"href":"https:\/\/folkmedia.neptanc.ro\/en\/wp-json\/wp\/v2\/posts"}],"about":[{"href":"https:\/\/folkmedia.neptanc.ro\/en\/wp-json\/wp\/v2\/types\/post"}],"author":[{"embeddable":true,"href":"https:\/\/folkmedia.neptanc.ro\/en\/wp-json\/wp\/v2\/users\/1"}],"replies":[{"embeddable":true,"href":"https:\/\/folkmedia.neptanc.ro\/en\/wp-json\/wp\/v2\/comments?post=3832"}],"version-history":[{"count":2,"href":"https:\/\/folkmedia.neptanc.ro\/en\/wp-json\/wp\/v2\/posts\/3832\/revisions"}],"predecessor-version":[{"id":4529,"href":"https:\/\/folkmedia.neptanc.ro\/en\/wp-json\/wp\/v2\/posts\/3832\/revisions\/4529"}],"wp:featuredmedia":[{"embeddable":true,"href":"https:\/\/folkmedia.neptanc.ro\/en\/wp-json\/wp\/v2\/media\/2253"}],"wp:attachment":[{"href":"https:\/\/folkmedia.neptanc.ro\/en\/wp-json\/wp\/v2\/media?parent=3832"}],"wp:term":[{"taxonomy":"category","embeddable":true,"href":"https:\/\/folkmedia.neptanc.ro\/en\/wp-json\/wp\/v2\/categories?post=3832"},{"taxonomy":"post_tag","embeddable":true,"href":"https:\/\/folkmedia.neptanc.ro\/en\/wp-json\/wp\/v2\/tags?post=3832"},{"taxonomy":"eloadok","embeddable":true,"href":"https:\/\/folkmedia.neptanc.ro\/en\/wp-json\/wp\/v2\/eloadok?post=3832"},{"taxonomy":"regio","embeddable":true,"href":"https:\/\/folkmedia.neptanc.ro\/en\/wp-json\/wp\/v2\/regio?post=3832"},{"taxonomy":"tancdialektus","embeddable":true,"href":"https:\/\/folkmedia.neptanc.ro\/en\/wp-json\/wp\/v2\/tancdialektus?post=3832"},{"taxonomy":"tanctipus","embeddable":true,"href":"https:\/\/folkmedia.neptanc.ro\/en\/wp-json\/wp\/v2\/tanctipus?post=3832"},{"taxonomy":"zenetipus","embeddable":true,"href":"https:\/\/folkmedia.neptanc.ro\/en\/wp-json\/wp\/v2\/zenetipus?post=3832"}],"curies":[{"name":"wp","href":"https:\/\/api.w.org\/{rel}","templated":true}]}}