{"id":3827,"date":"2023-12-21T14:53:36","date_gmt":"2023-12-21T13:53:36","guid":{"rendered":"https:\/\/folkmedia.neptanc.ro\/mediatar\/esti-mulatsag-a-xvii-mezosegi-neptanc-es-nepzene-fesztivalon-004552\/"},"modified":"2023-12-21T17:49:15","modified_gmt":"2023-12-21T16:49:15","slug":"esti-mulatsag-a-xvii-mezosegi-neptanc-es-nepzene-fesztivalon-004552","status":"publish","type":"post","link":"https:\/\/folkmedia.neptanc.ro\/en\/mediatar\/esti-mulatsag-a-xvii-mezosegi-neptanc-es-nepzene-fesztivalon-004552\/","title":{"rendered":"Esti mulats\u00e1g a XVII. Mez\u0151s\u00e9gi N\u00e9pt\u00e1nc \u00e9s N\u00e9pzene Fesztiv\u00e1lon [00:45:52]"},"content":{"rendered":"<p>Music by the band from P\u0103latca.<\/p>","protected":false},"excerpt":{"rendered":"","protected":false},"author":1,"featured_media":2280,"comment_status":"open","ping_status":"open","sticky":false,"template":"","format":"standard","meta":{"_acf_changed":false,"footnotes":""},"categories":[2],"tags":[],"eloadok":[],"regio":[],"tancdialektus":[],"tanctipus":[],"zenetipus":[],"class_list":["post-3827","post","type-post","status-publish","format-standard","has-post-thumbnail","hentry","category-mozgokep"],"acf":[],"_links":{"self":[{"href":"https:\/\/folkmedia.neptanc.ro\/en\/wp-json\/wp\/v2\/posts\/3827","targetHints":{"allow":["GET"]}}],"collection":[{"href":"https:\/\/folkmedia.neptanc.ro\/en\/wp-json\/wp\/v2\/posts"}],"about":[{"href":"https:\/\/folkmedia.neptanc.ro\/en\/wp-json\/wp\/v2\/types\/post"}],"author":[{"embeddable":true,"href":"https:\/\/folkmedia.neptanc.ro\/en\/wp-json\/wp\/v2\/users\/1"}],"replies":[{"embeddable":true,"href":"https:\/\/folkmedia.neptanc.ro\/en\/wp-json\/wp\/v2\/comments?post=3827"}],"version-history":[{"count":2,"href":"https:\/\/folkmedia.neptanc.ro\/en\/wp-json\/wp\/v2\/posts\/3827\/revisions"}],"predecessor-version":[{"id":4537,"href":"https:\/\/folkmedia.neptanc.ro\/en\/wp-json\/wp\/v2\/posts\/3827\/revisions\/4537"}],"wp:featuredmedia":[{"embeddable":true,"href":"https:\/\/folkmedia.neptanc.ro\/en\/wp-json\/wp\/v2\/media\/2280"}],"wp:attachment":[{"href":"https:\/\/folkmedia.neptanc.ro\/en\/wp-json\/wp\/v2\/media?parent=3827"}],"wp:term":[{"taxonomy":"category","embeddable":true,"href":"https:\/\/folkmedia.neptanc.ro\/en\/wp-json\/wp\/v2\/categories?post=3827"},{"taxonomy":"post_tag","embeddable":true,"href":"https:\/\/folkmedia.neptanc.ro\/en\/wp-json\/wp\/v2\/tags?post=3827"},{"taxonomy":"eloadok","embeddable":true,"href":"https:\/\/folkmedia.neptanc.ro\/en\/wp-json\/wp\/v2\/eloadok?post=3827"},{"taxonomy":"regio","embeddable":true,"href":"https:\/\/folkmedia.neptanc.ro\/en\/wp-json\/wp\/v2\/regio?post=3827"},{"taxonomy":"tancdialektus","embeddable":true,"href":"https:\/\/folkmedia.neptanc.ro\/en\/wp-json\/wp\/v2\/tancdialektus?post=3827"},{"taxonomy":"tanctipus","embeddable":true,"href":"https:\/\/folkmedia.neptanc.ro\/en\/wp-json\/wp\/v2\/tanctipus?post=3827"},{"taxonomy":"zenetipus","embeddable":true,"href":"https:\/\/folkmedia.neptanc.ro\/en\/wp-json\/wp\/v2\/zenetipus?post=3827"}],"curies":[{"name":"wp","href":"https:\/\/api.w.org\/{rel}","templated":true}]}}