{"id":3812,"date":"2023-12-21T14:53:10","date_gmt":"2023-12-21T13:53:10","guid":{"rendered":"https:\/\/folkmedia.neptanc.ro\/mediatar\/tanchaz-a-vii-mezosegi-neptanc-es-nepzene-fesztivalon-000109\/"},"modified":"2023-12-21T18:04:19","modified_gmt":"2023-12-21T17:04:19","slug":"tanchaz-a-vii-mezosegi-neptanc-es-nepzene-fesztivalon-000109","status":"publish","type":"post","link":"https:\/\/folkmedia.neptanc.ro\/en\/mediatar\/tanchaz-a-vii-mezosegi-neptanc-es-nepzene-fesztivalon-000109\/","title":{"rendered":"T\u00e1nch\u00e1z a VII. M\u00e9z\u0151s\u00e9gi N\u00e9pt\u00e1nc \u00e9s N\u00e9pzene Fesztiv\u00e1lon [00:01:09]"},"content":{"rendered":"<p>Dance house \u201dwarm-up\u201d at T\u00e9ka Foundation &#8211; muzic by a band from Buza.<\/p>","protected":false},"excerpt":{"rendered":"","protected":false},"author":1,"featured_media":1962,"comment_status":"open","ping_status":"open","sticky":false,"template":"","format":"standard","meta":{"_acf_changed":false,"footnotes":""},"categories":[2],"tags":[],"eloadok":[],"regio":[],"tancdialektus":[],"tanctipus":[],"zenetipus":[],"class_list":["post-3812","post","type-post","status-publish","format-standard","has-post-thumbnail","hentry","category-mozgokep"],"acf":[],"_links":{"self":[{"href":"https:\/\/folkmedia.neptanc.ro\/en\/wp-json\/wp\/v2\/posts\/3812","targetHints":{"allow":["GET"]}}],"collection":[{"href":"https:\/\/folkmedia.neptanc.ro\/en\/wp-json\/wp\/v2\/posts"}],"about":[{"href":"https:\/\/folkmedia.neptanc.ro\/en\/wp-json\/wp\/v2\/types\/post"}],"author":[{"embeddable":true,"href":"https:\/\/folkmedia.neptanc.ro\/en\/wp-json\/wp\/v2\/users\/1"}],"replies":[{"embeddable":true,"href":"https:\/\/folkmedia.neptanc.ro\/en\/wp-json\/wp\/v2\/comments?post=3812"}],"version-history":[{"count":2,"href":"https:\/\/folkmedia.neptanc.ro\/en\/wp-json\/wp\/v2\/posts\/3812\/revisions"}],"predecessor-version":[{"id":4568,"href":"https:\/\/folkmedia.neptanc.ro\/en\/wp-json\/wp\/v2\/posts\/3812\/revisions\/4568"}],"wp:featuredmedia":[{"embeddable":true,"href":"https:\/\/folkmedia.neptanc.ro\/en\/wp-json\/wp\/v2\/media\/1962"}],"wp:attachment":[{"href":"https:\/\/folkmedia.neptanc.ro\/en\/wp-json\/wp\/v2\/media?parent=3812"}],"wp:term":[{"taxonomy":"category","embeddable":true,"href":"https:\/\/folkmedia.neptanc.ro\/en\/wp-json\/wp\/v2\/categories?post=3812"},{"taxonomy":"post_tag","embeddable":true,"href":"https:\/\/folkmedia.neptanc.ro\/en\/wp-json\/wp\/v2\/tags?post=3812"},{"taxonomy":"eloadok","embeddable":true,"href":"https:\/\/folkmedia.neptanc.ro\/en\/wp-json\/wp\/v2\/eloadok?post=3812"},{"taxonomy":"regio","embeddable":true,"href":"https:\/\/folkmedia.neptanc.ro\/en\/wp-json\/wp\/v2\/regio?post=3812"},{"taxonomy":"tancdialektus","embeddable":true,"href":"https:\/\/folkmedia.neptanc.ro\/en\/wp-json\/wp\/v2\/tancdialektus?post=3812"},{"taxonomy":"tanctipus","embeddable":true,"href":"https:\/\/folkmedia.neptanc.ro\/en\/wp-json\/wp\/v2\/tanctipus?post=3812"},{"taxonomy":"zenetipus","embeddable":true,"href":"https:\/\/folkmedia.neptanc.ro\/en\/wp-json\/wp\/v2\/zenetipus?post=3812"}],"curies":[{"name":"wp","href":"https:\/\/api.w.org\/{rel}","templated":true}]}}