{"id":3721,"date":"2023-12-21T14:51:21","date_gmt":"2023-12-21T13:51:21","guid":{"rendered":"https:\/\/folkmedia.neptanc.ro\/mediatar\/orkoi-magyar-ciganyos-lassu-es-gyors-csingeralas-000332\/"},"modified":"2023-12-21T14:51:21","modified_gmt":"2023-12-21T13:51:21","slug":"orkoi-magyar-ciganyos-lassu-es-gyors-csingeralas-000332","status":"publish","type":"post","link":"https:\/\/folkmedia.neptanc.ro\/en\/mediatar\/orkoi-magyar-ciganyos-lassu-es-gyors-csingeralas-000332\/","title":{"rendered":"\u0151rk\u0151i \u201emagyar cig\u00e1nyos\u201d \u2013 lass\u00fa \u00e9s gyors csinger\u00e1l\u00e1s [00:03:32]"},"content":{"rendered":"<p><\/p>","protected":false},"excerpt":{"rendered":"","protected":false},"author":1,"featured_media":2258,"comment_status":"open","ping_status":"open","sticky":false,"template":"","format":"standard","meta":{"_acf_changed":false,"footnotes":""},"categories":[2],"tags":[],"eloadok":[3030,3025,2904,3031,3022,3027,3026,3023,3028,2911,3024,3029],"regio":[3717],"tancdialektus":[3718],"tanctipus":[3646],"zenetipus":[],"class_list":["post-3721","post","type-post","status-publish","format-standard","has-post-thumbnail","hentry","category-mozgokep","eloadok-dima-jeno","eloadok-dima-terez","eloadok-konczei-arpad","eloadok-kovacs-sandor","eloadok-mocsel-attila","eloadok-mocsel-ildiko","eloadok-mocsel-levente","eloadok-mocsel-melinda","eloadok-otvos-jozsef","eloadok-pavai-istvan","eloadok-ruzsa-attila","eloadok-salamon-oliver","regio-orko-haromszek","tancdialektus-orkoi","tanctipus-csardas"],"acf":[],"_links":{"self":[{"href":"https:\/\/folkmedia.neptanc.ro\/en\/wp-json\/wp\/v2\/posts\/3721","targetHints":{"allow":["GET"]}}],"collection":[{"href":"https:\/\/folkmedia.neptanc.ro\/en\/wp-json\/wp\/v2\/posts"}],"about":[{"href":"https:\/\/folkmedia.neptanc.ro\/en\/wp-json\/wp\/v2\/types\/post"}],"author":[{"embeddable":true,"href":"https:\/\/folkmedia.neptanc.ro\/en\/wp-json\/wp\/v2\/users\/1"}],"replies":[{"embeddable":true,"href":"https:\/\/folkmedia.neptanc.ro\/en\/wp-json\/wp\/v2\/comments?post=3721"}],"version-history":[{"count":0,"href":"https:\/\/folkmedia.neptanc.ro\/en\/wp-json\/wp\/v2\/posts\/3721\/revisions"}],"wp:featuredmedia":[{"embeddable":true,"href":"https:\/\/folkmedia.neptanc.ro\/en\/wp-json\/wp\/v2\/media\/2258"}],"wp:attachment":[{"href":"https:\/\/folkmedia.neptanc.ro\/en\/wp-json\/wp\/v2\/media?parent=3721"}],"wp:term":[{"taxonomy":"category","embeddable":true,"href":"https:\/\/folkmedia.neptanc.ro\/en\/wp-json\/wp\/v2\/categories?post=3721"},{"taxonomy":"post_tag","embeddable":true,"href":"https:\/\/folkmedia.neptanc.ro\/en\/wp-json\/wp\/v2\/tags?post=3721"},{"taxonomy":"eloadok","embeddable":true,"href":"https:\/\/folkmedia.neptanc.ro\/en\/wp-json\/wp\/v2\/eloadok?post=3721"},{"taxonomy":"regio","embeddable":true,"href":"https:\/\/folkmedia.neptanc.ro\/en\/wp-json\/wp\/v2\/regio?post=3721"},{"taxonomy":"tancdialektus","embeddable":true,"href":"https:\/\/folkmedia.neptanc.ro\/en\/wp-json\/wp\/v2\/tancdialektus?post=3721"},{"taxonomy":"tanctipus","embeddable":true,"href":"https:\/\/folkmedia.neptanc.ro\/en\/wp-json\/wp\/v2\/tanctipus?post=3721"},{"taxonomy":"zenetipus","embeddable":true,"href":"https:\/\/folkmedia.neptanc.ro\/en\/wp-json\/wp\/v2\/zenetipus?post=3721"}],"curies":[{"name":"wp","href":"https:\/\/api.w.org\/{rel}","templated":true}]}}