{"id":3606,"date":"2023-12-21T14:48:36","date_gmt":"2023-12-21T13:48:36","guid":{"rendered":"https:\/\/folkmedia.neptanc.ro\/mediatar\/csikszentdomokosi-tancok-enekek-013741\/"},"modified":"2023-12-21T18:19:54","modified_gmt":"2023-12-21T17:19:54","slug":"csikszentdomokosi-tancok-enekek-013741","status":"publish","type":"post","link":"https:\/\/folkmedia.neptanc.ro\/en\/mediatar\/csikszentdomokosi-tancok-enekek-013741\/","title":{"rendered":"cs\u00edkszentdomokosi t\u00e1ncok, \u00e9nekek [01:37:41]"},"content":{"rendered":"<p>The shooting was made during the V. Folk Dance and Music Meet\u00adings from Sf. Gheorghe.<\/p>","protected":false},"excerpt":{"rendered":"","protected":false},"author":1,"featured_media":2242,"comment_status":"open","ping_status":"open","sticky":false,"template":"","format":"standard","meta":{"_acf_changed":false,"footnotes":""},"categories":[2],"tags":[],"eloadok":[2944,2946,2945,2947,2948,2950,2956,2951,2904,2911,2955,2949,2952,2953,2954],"regio":[3693],"tancdialektus":[],"tanctipus":[],"zenetipus":[],"class_list":["post-3606","post","type-post","status-publish","format-standard","has-post-thumbnail","hentry","category-mozgokep","eloadok-albert-gergely","eloadok-balint-vilmos","eloadok-bara-rozalia","eloadok-biro-agoston-zsukas-guszti","eloadok-biro-erzsebet","eloadok-bodo-marcsella","eloadok-duduj-rozalia-malacos","eloadok-kedves-erzsebet","eloadok-konczei-arpad","eloadok-pavai-istvan","eloadok-sinka-sandor-demeter","eloadok-szabo-biro-rozalia","eloadok-szabo-illes","eloadok-tamas-anna","eloadok-tamas-ferenc","regio-felcsik"],"acf":[],"_links":{"self":[{"href":"https:\/\/folkmedia.neptanc.ro\/en\/wp-json\/wp\/v2\/posts\/3606","targetHints":{"allow":["GET"]}}],"collection":[{"href":"https:\/\/folkmedia.neptanc.ro\/en\/wp-json\/wp\/v2\/posts"}],"about":[{"href":"https:\/\/folkmedia.neptanc.ro\/en\/wp-json\/wp\/v2\/types\/post"}],"author":[{"embeddable":true,"href":"https:\/\/folkmedia.neptanc.ro\/en\/wp-json\/wp\/v2\/users\/1"}],"replies":[{"embeddable":true,"href":"https:\/\/folkmedia.neptanc.ro\/en\/wp-json\/wp\/v2\/comments?post=3606"}],"version-history":[{"count":2,"href":"https:\/\/folkmedia.neptanc.ro\/en\/wp-json\/wp\/v2\/posts\/3606\/revisions"}],"predecessor-version":[{"id":4672,"href":"https:\/\/folkmedia.neptanc.ro\/en\/wp-json\/wp\/v2\/posts\/3606\/revisions\/4672"}],"wp:featuredmedia":[{"embeddable":true,"href":"https:\/\/folkmedia.neptanc.ro\/en\/wp-json\/wp\/v2\/media\/2242"}],"wp:attachment":[{"href":"https:\/\/folkmedia.neptanc.ro\/en\/wp-json\/wp\/v2\/media?parent=3606"}],"wp:term":[{"taxonomy":"category","embeddable":true,"href":"https:\/\/folkmedia.neptanc.ro\/en\/wp-json\/wp\/v2\/categories?post=3606"},{"taxonomy":"post_tag","embeddable":true,"href":"https:\/\/folkmedia.neptanc.ro\/en\/wp-json\/wp\/v2\/tags?post=3606"},{"taxonomy":"eloadok","embeddable":true,"href":"https:\/\/folkmedia.neptanc.ro\/en\/wp-json\/wp\/v2\/eloadok?post=3606"},{"taxonomy":"regio","embeddable":true,"href":"https:\/\/folkmedia.neptanc.ro\/en\/wp-json\/wp\/v2\/regio?post=3606"},{"taxonomy":"tancdialektus","embeddable":true,"href":"https:\/\/folkmedia.neptanc.ro\/en\/wp-json\/wp\/v2\/tancdialektus?post=3606"},{"taxonomy":"tanctipus","embeddable":true,"href":"https:\/\/folkmedia.neptanc.ro\/en\/wp-json\/wp\/v2\/tanctipus?post=3606"},{"taxonomy":"zenetipus","embeddable":true,"href":"https:\/\/folkmedia.neptanc.ro\/en\/wp-json\/wp\/v2\/zenetipus?post=3606"}],"curies":[{"name":"wp","href":"https:\/\/api.w.org\/{rel}","templated":true}]}}