{"id":3604,"date":"2023-12-21T14:48:36","date_gmt":"2023-12-21T13:48:36","guid":{"rendered":"https:\/\/folkmedia.neptanc.ro\/mediatar\/magyarszovati-notazas-lassu-es-sebes-csardas-001017\/"},"modified":"2023-12-21T14:48:36","modified_gmt":"2023-12-21T13:48:36","slug":"magyarszovati-notazas-lassu-es-sebes-csardas-001017","status":"publish","type":"post","link":"https:\/\/folkmedia.neptanc.ro\/en\/mediatar\/magyarszovati-notazas-lassu-es-sebes-csardas-001017\/","title":{"rendered":"magyarszov\u00e1ti n\u00f3t\u00e1z\u00e1s,  lass\u00fa \u00e9s sebes cs\u00e1rd\u00e1s [00:10:17]"},"content":{"rendered":"<p>singing, dancing<\/p>","protected":false},"excerpt":{"rendered":"","protected":false},"author":1,"featured_media":2234,"comment_status":"open","ping_status":"open","sticky":false,"template":"","format":"standard","meta":{"_acf_changed":false,"footnotes":""},"categories":[2],"tags":[],"eloadok":[2962,2959,2904,2965,2957,2911],"regio":[3676],"tancdialektus":[],"tanctipus":[],"zenetipus":[],"class_list":["post-3604","post","type-post","status-publish","format-standard","has-post-thumbnail","hentry","category-mozgokep","eloadok-csengeri-arpad","eloadok-csete-istvan","eloadok-konczei-arpad","eloadok-mezei-ioan","eloadok-nagy-istvan-szucs","eloadok-pavai-istvan","regio-mezoseg"],"acf":[],"_links":{"self":[{"href":"https:\/\/folkmedia.neptanc.ro\/en\/wp-json\/wp\/v2\/posts\/3604","targetHints":{"allow":["GET"]}}],"collection":[{"href":"https:\/\/folkmedia.neptanc.ro\/en\/wp-json\/wp\/v2\/posts"}],"about":[{"href":"https:\/\/folkmedia.neptanc.ro\/en\/wp-json\/wp\/v2\/types\/post"}],"author":[{"embeddable":true,"href":"https:\/\/folkmedia.neptanc.ro\/en\/wp-json\/wp\/v2\/users\/1"}],"replies":[{"embeddable":true,"href":"https:\/\/folkmedia.neptanc.ro\/en\/wp-json\/wp\/v2\/comments?post=3604"}],"version-history":[{"count":0,"href":"https:\/\/folkmedia.neptanc.ro\/en\/wp-json\/wp\/v2\/posts\/3604\/revisions"}],"wp:featuredmedia":[{"embeddable":true,"href":"https:\/\/folkmedia.neptanc.ro\/en\/wp-json\/wp\/v2\/media\/2234"}],"wp:attachment":[{"href":"https:\/\/folkmedia.neptanc.ro\/en\/wp-json\/wp\/v2\/media?parent=3604"}],"wp:term":[{"taxonomy":"category","embeddable":true,"href":"https:\/\/folkmedia.neptanc.ro\/en\/wp-json\/wp\/v2\/categories?post=3604"},{"taxonomy":"post_tag","embeddable":true,"href":"https:\/\/folkmedia.neptanc.ro\/en\/wp-json\/wp\/v2\/tags?post=3604"},{"taxonomy":"eloadok","embeddable":true,"href":"https:\/\/folkmedia.neptanc.ro\/en\/wp-json\/wp\/v2\/eloadok?post=3604"},{"taxonomy":"regio","embeddable":true,"href":"https:\/\/folkmedia.neptanc.ro\/en\/wp-json\/wp\/v2\/regio?post=3604"},{"taxonomy":"tancdialektus","embeddable":true,"href":"https:\/\/folkmedia.neptanc.ro\/en\/wp-json\/wp\/v2\/tancdialektus?post=3604"},{"taxonomy":"tanctipus","embeddable":true,"href":"https:\/\/folkmedia.neptanc.ro\/en\/wp-json\/wp\/v2\/tanctipus?post=3604"},{"taxonomy":"zenetipus","embeddable":true,"href":"https:\/\/folkmedia.neptanc.ro\/en\/wp-json\/wp\/v2\/zenetipus?post=3604"}],"curies":[{"name":"wp","href":"https:\/\/api.w.org\/{rel}","templated":true}]}}