{"id":3525,"date":"2023-12-21T14:46:51","date_gmt":"2023-12-21T13:46:51","guid":{"rendered":"https:\/\/folkmedia.neptanc.ro\/mediatar\/magyarpalatkai-keserves-csardas-ritka-szokos-es-sebes-csardas-000735\/"},"modified":"2023-12-21T14:46:51","modified_gmt":"2023-12-21T13:46:51","slug":"magyarpalatkai-keserves-csardas-ritka-szokos-es-sebes-csardas-000735","status":"publish","type":"post","link":"https:\/\/folkmedia.neptanc.ro\/en\/mediatar\/magyarpalatkai-keserves-csardas-ritka-szokos-es-sebes-csardas-000735\/","title":{"rendered":"magyarpalatkai keserves, cs\u00e1rd\u00e1s, ritka sz\u00f6k\u0151s \u00e9s sebes cs\u00e1rd\u00e1s [00:07:35]"},"content":{"rendered":"<p>Music type: \u201dMez\u0151s\u00e9gi\u201d<\/p>","protected":false},"excerpt":{"rendered":"","protected":false},"author":1,"featured_media":2202,"comment_status":"open","ping_status":"open","sticky":false,"template":"","format":"standard","meta":{"_acf_changed":false,"footnotes":""},"categories":[2],"tags":[],"eloadok":[2930,2910,2901,2902,2863,2929],"regio":[3676],"tancdialektus":[],"tanctipus":[],"zenetipus":[3687],"class_list":["post-3525","post","type-post","status-publish","format-standard","has-post-thumbnail","hentry","category-mozgokep","eloadok-boldi-ioan-nelu","eloadok-codoba-marton-florin","eloadok-kodoba-laurentiu-lorinc","eloadok-moldovan-istvan","eloadok-pasztor-jozsef","eloadok-radak-mihaly-remus","regio-mezoseg","zenetipus-mezosegi"],"acf":[],"_links":{"self":[{"href":"https:\/\/folkmedia.neptanc.ro\/en\/wp-json\/wp\/v2\/posts\/3525","targetHints":{"allow":["GET"]}}],"collection":[{"href":"https:\/\/folkmedia.neptanc.ro\/en\/wp-json\/wp\/v2\/posts"}],"about":[{"href":"https:\/\/folkmedia.neptanc.ro\/en\/wp-json\/wp\/v2\/types\/post"}],"author":[{"embeddable":true,"href":"https:\/\/folkmedia.neptanc.ro\/en\/wp-json\/wp\/v2\/users\/1"}],"replies":[{"embeddable":true,"href":"https:\/\/folkmedia.neptanc.ro\/en\/wp-json\/wp\/v2\/comments?post=3525"}],"version-history":[{"count":0,"href":"https:\/\/folkmedia.neptanc.ro\/en\/wp-json\/wp\/v2\/posts\/3525\/revisions"}],"wp:featuredmedia":[{"embeddable":true,"href":"https:\/\/folkmedia.neptanc.ro\/en\/wp-json\/wp\/v2\/media\/2202"}],"wp:attachment":[{"href":"https:\/\/folkmedia.neptanc.ro\/en\/wp-json\/wp\/v2\/media?parent=3525"}],"wp:term":[{"taxonomy":"category","embeddable":true,"href":"https:\/\/folkmedia.neptanc.ro\/en\/wp-json\/wp\/v2\/categories?post=3525"},{"taxonomy":"post_tag","embeddable":true,"href":"https:\/\/folkmedia.neptanc.ro\/en\/wp-json\/wp\/v2\/tags?post=3525"},{"taxonomy":"eloadok","embeddable":true,"href":"https:\/\/folkmedia.neptanc.ro\/en\/wp-json\/wp\/v2\/eloadok?post=3525"},{"taxonomy":"regio","embeddable":true,"href":"https:\/\/folkmedia.neptanc.ro\/en\/wp-json\/wp\/v2\/regio?post=3525"},{"taxonomy":"tancdialektus","embeddable":true,"href":"https:\/\/folkmedia.neptanc.ro\/en\/wp-json\/wp\/v2\/tancdialektus?post=3525"},{"taxonomy":"tanctipus","embeddable":true,"href":"https:\/\/folkmedia.neptanc.ro\/en\/wp-json\/wp\/v2\/tanctipus?post=3525"},{"taxonomy":"zenetipus","embeddable":true,"href":"https:\/\/folkmedia.neptanc.ro\/en\/wp-json\/wp\/v2\/zenetipus?post=3525"}],"curies":[{"name":"wp","href":"https:\/\/api.w.org\/{rel}","templated":true}]}}