{"id":3522,"date":"2023-12-21T14:46:51","date_gmt":"2023-12-21T13:46:51","guid":{"rendered":"https:\/\/folkmedia.neptanc.ro\/mediatar\/szaszcsavasi-szegenyes-lassu-csardas-szekely-verbunk-felolahos-es-szoko-001305\/"},"modified":"2023-12-21T14:46:51","modified_gmt":"2023-12-21T13:46:51","slug":"szaszcsavasi-szegenyes-lassu-csardas-szekely-verbunk-felolahos-es-szoko-001305","status":"publish","type":"post","link":"https:\/\/folkmedia.neptanc.ro\/en\/mediatar\/szaszcsavasi-szegenyes-lassu-csardas-szekely-verbunk-felolahos-es-szoko-001305\/","title":{"rendered":"sz\u00e1szcs\u00e1v\u00e1si szeg\u00e9nyes, lass\u00fa cs\u00e1rd\u00e1s, sz\u00e9kely verbunk, f\u00e9lol\u00e1hos \u00e9s sz\u00f6k\u0151 [00:13:05]"},"content":{"rendered":"<p>Music type: from Maros-K\u00fck\u00fcll\u0151 mente region<\/p>","protected":false},"excerpt":{"rendered":"","protected":false},"author":1,"featured_media":2095,"comment_status":"open","ping_status":"open","sticky":false,"template":"","format":"standard","meta":{"_acf_changed":false,"footnotes":""},"categories":[2],"tags":[],"eloadok":[2925,2924,2926,2916,3604,2919,2917,2923],"regio":[3684],"tancdialektus":[],"tanctipus":[],"zenetipus":[3689],"class_list":["post-3522","post","type-post","status-publish","format-standard","has-post-thumbnail","hentry","category-mozgokep","eloadok-barabas-peter","eloadok-csanyi-matyas-mutis","eloadok-csanyi-sandor-cilika","eloadok-jambor-ferenc-tocsila","eloadok-konczei-csongor-2","eloadok-mezei-ferenc-csangalo","eloadok-mezei-levente-leves","eloadok-mezei-pal","regio-kukullo-mente","zenetipus-maros-kukullo-menti"],"acf":[],"_links":{"self":[{"href":"https:\/\/folkmedia.neptanc.ro\/en\/wp-json\/wp\/v2\/posts\/3522","targetHints":{"allow":["GET"]}}],"collection":[{"href":"https:\/\/folkmedia.neptanc.ro\/en\/wp-json\/wp\/v2\/posts"}],"about":[{"href":"https:\/\/folkmedia.neptanc.ro\/en\/wp-json\/wp\/v2\/types\/post"}],"author":[{"embeddable":true,"href":"https:\/\/folkmedia.neptanc.ro\/en\/wp-json\/wp\/v2\/users\/1"}],"replies":[{"embeddable":true,"href":"https:\/\/folkmedia.neptanc.ro\/en\/wp-json\/wp\/v2\/comments?post=3522"}],"version-history":[{"count":0,"href":"https:\/\/folkmedia.neptanc.ro\/en\/wp-json\/wp\/v2\/posts\/3522\/revisions"}],"wp:featuredmedia":[{"embeddable":true,"href":"https:\/\/folkmedia.neptanc.ro\/en\/wp-json\/wp\/v2\/media\/2095"}],"wp:attachment":[{"href":"https:\/\/folkmedia.neptanc.ro\/en\/wp-json\/wp\/v2\/media?parent=3522"}],"wp:term":[{"taxonomy":"category","embeddable":true,"href":"https:\/\/folkmedia.neptanc.ro\/en\/wp-json\/wp\/v2\/categories?post=3522"},{"taxonomy":"post_tag","embeddable":true,"href":"https:\/\/folkmedia.neptanc.ro\/en\/wp-json\/wp\/v2\/tags?post=3522"},{"taxonomy":"eloadok","embeddable":true,"href":"https:\/\/folkmedia.neptanc.ro\/en\/wp-json\/wp\/v2\/eloadok?post=3522"},{"taxonomy":"regio","embeddable":true,"href":"https:\/\/folkmedia.neptanc.ro\/en\/wp-json\/wp\/v2\/regio?post=3522"},{"taxonomy":"tancdialektus","embeddable":true,"href":"https:\/\/folkmedia.neptanc.ro\/en\/wp-json\/wp\/v2\/tancdialektus?post=3522"},{"taxonomy":"tanctipus","embeddable":true,"href":"https:\/\/folkmedia.neptanc.ro\/en\/wp-json\/wp\/v2\/tanctipus?post=3522"},{"taxonomy":"zenetipus","embeddable":true,"href":"https:\/\/folkmedia.neptanc.ro\/en\/wp-json\/wp\/v2\/zenetipus?post=3522"}],"curies":[{"name":"wp","href":"https:\/\/api.w.org\/{rel}","templated":true}]}}