{"id":3466,"count":1,"description":"1982.05.23.","link":"https:\/\/folkmedia.neptanc.ro\/en\/eloadok\/tarkanyi-janko-ferenc\/","name":"T\u00e1rk\u00e1nyi Jank\u00f3 Ferenc","slug":"tarkanyi-janko-ferenc","taxonomy":"eloadok","meta":[],"acf":[],"_links":{"self":[{"href":"https:\/\/folkmedia.neptanc.ro\/en\/wp-json\/wp\/v2\/eloadok\/3466","targetHints":{"allow":["GET"]}}],"collection":[{"href":"https:\/\/folkmedia.neptanc.ro\/en\/wp-json\/wp\/v2\/eloadok"}],"about":[{"href":"https:\/\/folkmedia.neptanc.ro\/en\/wp-json\/wp\/v2\/taxonomies\/eloadok"}],"wp:post_type":[{"href":"https:\/\/folkmedia.neptanc.ro\/en\/wp-json\/wp\/v2\/posts?eloadok=3466"}],"curies":[{"name":"wp","href":"https:\/\/api.w.org\/{rel}","templated":true}]}}